{"id":990,"date":"2008-12-16T19:06:46","date_gmt":"2008-12-16T18:06:46","guid":{"rendered":"http:\/\/www.dalstroka-innafor.net\/?p=990"},"modified":"2008-12-16T19:06:46","modified_gmt":"2008-12-16T18:06:46","slug":"nyhender-i-dagens-mediebilete","status":"publish","type":"post","link":"https:\/\/dalstroka-innafor.net\/?p=990","title":{"rendered":"Nyhender i dagens mediebilete"},"content":{"rendered":"<p>\u00d8yvind Solstad bloggar flott om korleis <a href=\"http:\/\/nrkbeta.no\/naar-du-merker-det-da-er-det-nyheter\/\" target=\"_blank\">terskelen for kva ei nyhet er<\/a> i dagens mediebilete er blitt. Og det er eigentleg rart at niv\u00e5et, eller kravet til ei nyhende er s\u00e5 usigeleg l\u00e5gt no i desse dagar. Verda har vel aldri vore mindre enn ho er i dag, og p\u00e5 same tid har det vel neppe vore fleire tilsette i mediebransjen enn det er no. Slik sett skulle ein tru at kvaliteten p\u00e5 nyhendene ville vera ganske h\u00f8g.<\/p>\n<p>Likevel kan ein stadig lesa om <a href=\"http:\/\/go.vg.no\/cgi-bin\/front.cgi\/0\/http:\/\/www.vg.no\/reise\/artikkel.php?artid=555582\" target=\"_blank\">flypassasjerar som vert flytta opp ein passasjerklasse<\/a> i staden for ned, og <a href=\"http:\/\/go.dagbladet.no\/ego.cgi\/dbf_henv\/http:\/\/www.kjendis.no\/2008\/12\/16\/558515.html\" target=\"_blank\">sladder der kjolar og kjendisar<\/a> er sakas kjerne.<\/p>\n<p>Universitet i Oslo si <a href=\"http:\/\/www.dokpro.uio.no\/perl\/ordboksoek\/ordbok.cgi?OPP=nyhet\" target=\"_blank\">elektroniske ordbok<\/a> definerer ei nyhende slik:<\/p>\n<blockquote><p><em>hendelse, begivenhet som gj\u00f8res kjent for f\u00f8rste gang.<\/em><\/p><\/blockquote>\n<p>Solstad sluttar innlegget sitt med f\u00f8lgjande setning:<\/p>\n<blockquote><p><em>At noe har skjedd med fire personer betyr ikke at det er en epidemi.<\/em><\/p><\/blockquote>\n<p>Det minner meg om d\u00e5 eg i 2003 levde livets glade dagar som ryggsekkturist i Thailand\/Malaysia.\u00a0 Begge desse landa er naboland til Singapore som vel etter det eg fekk med meg d\u00e5 var eit kritisk land med tanke p\u00e5 spreiing av <a href=\"http:\/\/no.wikipedia.org\/wiki\/SARS\" target=\"_blank\">SARS (Sever Accute Respiratory Syndrome)<\/a>. Med eitt dukka det opp munnbind p\u00e5 nokre av folka i gatene. Ikkje mange, men nok til at eg beit meg merke i det. Eg hadde tidlegare merka meg at slikt vart nytta i austen, men d\u00e5 med tanke p\u00e5 forureining i dei store byane. Ikkje i eit turistmekka.<\/p>\n<p>Uansett&#8230;nokre dagar seinare les eg avisar p\u00e5 nett fr\u00e5 heimlandet. Store krigsoverskrifter m\u00f8ter meg med advarslar om SARS. Eg oppfatta det bortimot som om Noreg var stengt totalt ned. Asiatane var ikkje like redde.<\/p>\n<p>Sidan april 2005 er det <a href=\"http:\/\/icasualties.org\/oif\/iraqideaths.aspx\" target=\"_blank\"><span style=\"text-decoration: line-through;\">omkome<\/span> drept ca. 52.000 Irakarar. 14% av desse er har vore soldatar\/politi<\/a>. Verdas helseorganisasjon har rekna p\u00e5 tal fr\u00e5 29 land, og kome fram til at av over <a href=\"http:\/\/www.gartner.com\/pages\/story.php.id.3557.s.8.jsp\" target=\"_blank\">8000 moglege SARS-tilfelle har 810 av desse tilfelle resultert i d\u00f8dsfall<\/a>. No skal eg ikkje seie at media ikkje skriv nok om krigen i Irak. Eg berre nemner det s\u00e5nn i forbifarten&#8230;at det nok kunne ha vore gjort ein del. Benjamin Zander er dirigent for Boston Philharmonics. I videoen under har han eit godt poeng om det \u00e5 ha dialog og to ulike perspektiv, eller det han kallar &laquo;reflections of attitude&raquo;. Han er ein halv time lang men det er <em>langt<\/em> i fr\u00e5 bortkasta tid. Spesielt interessant er det kanskje 7.30 ut i videoen&#8230;:<\/p>\n<div><object width=\"512\" height=\"322\" data=\"http:\/\/d.yimg.com\/static.video.yahoo.com\/yep\/YV_YEP.swf?ver=2.2.30\" type=\"application\/x-shockwave-flash\"><param name=\"allowFullScreen\" value=\"true\" \/><param name=\"AllowScriptAccess\" value=\"always\" \/><param name=\"bgcolor\" value=\"#000000\" \/><param name=\"flashVars\" value=\"id=10444215&amp;vid=10444215&amp;lang=en-us&amp;intl=us&amp;thumbUrl=&amp;embed=1\" \/><param name=\"src\" value=\"http:\/\/d.yimg.com\/static.video.yahoo.com\/yep\/YV_YEP.swf?ver=2.2.30\" \/><param name=\"flashvars\" value=\"id=10444215&amp;vid=10444215&amp;lang=en-us&amp;intl=us&amp;thumbUrl=&amp;embed=1\" \/><param name=\"allowfullscreen\" value=\"true\" \/><\/object><\/div>\n","protected":false},"excerpt":{"rendered":"<p>\u00d8yvind Solstad bloggar flott om korleis terskelen for kva ei nyhet er i dagens mediebilete er blitt. Og det er eigentleg rart at niv\u00e5et, eller kravet til ei nyhende er s\u00e5 usigeleg l\u00e5gt no i desse dagar. Verda har vel aldri vore mindre enn ho er i dag, og p\u00e5 same tid har det vel [&hellip;]<\/p>\n","protected":false},"author":1,"featured_media":0,"comment_status":"open","ping_status":"open","sticky":false,"template":"","format":"standard","meta":{"footnotes":"","_share_on_mastodon":"0"},"categories":[10,13],"tags":[47,321,344,471,570,583,712],"class_list":["post-990","post","type-post","status-publish","format-standard","hentry","category-politikk","category-utdanning","tag-arabere","tag-innstilling","tag-jder","tag-mal","tag-perspektiv","tag-positivisme","tag-standard"],"share_on_mastodon":{"url":"","error":""},"_links":{"self":[{"href":"https:\/\/dalstroka-innafor.net\/index.php?rest_route=\/wp\/v2\/posts\/990","targetHints":{"allow":["GET"]}}],"collection":[{"href":"https:\/\/dalstroka-innafor.net\/index.php?rest_route=\/wp\/v2\/posts"}],"about":[{"href":"https:\/\/dalstroka-innafor.net\/index.php?rest_route=\/wp\/v2\/types\/post"}],"author":[{"embeddable":true,"href":"https:\/\/dalstroka-innafor.net\/index.php?rest_route=\/wp\/v2\/users\/1"}],"replies":[{"embeddable":true,"href":"https:\/\/dalstroka-innafor.net\/index.php?rest_route=%2Fwp%2Fv2%2Fcomments&post=990"}],"version-history":[{"count":0,"href":"https:\/\/dalstroka-innafor.net\/index.php?rest_route=\/wp\/v2\/posts\/990\/revisions"}],"wp:attachment":[{"href":"https:\/\/dalstroka-innafor.net\/index.php?rest_route=%2Fwp%2Fv2%2Fmedia&parent=990"}],"wp:term":[{"taxonomy":"category","embeddable":true,"href":"https:\/\/dalstroka-innafor.net\/index.php?rest_route=%2Fwp%2Fv2%2Fcategories&post=990"},{"taxonomy":"post_tag","embeddable":true,"href":"https:\/\/dalstroka-innafor.net\/index.php?rest_route=%2Fwp%2Fv2%2Ftags&post=990"}],"curies":[{"name":"wp","href":"https:\/\/api.w.org\/{rel}","templated":true}]}}