{"id":935,"date":"2008-11-02T00:37:31","date_gmt":"2008-11-01T23:37:31","guid":{"rendered":"http:\/\/www.dalstroka-innafor.net\/?p=935"},"modified":"2008-11-02T00:37:31","modified_gmt":"2008-11-01T23:37:31","slug":"ulogisk-skulepolitikk","status":"publish","type":"post","link":"https:\/\/dalstroka-innafor.net\/?p=935","title":{"rendered":"UlogIsK skulepoliTikk"},"content":{"rendered":"<p>Ein har i fire \u00e5r no hatt ei satsing p\u00e5 IKT i skulen, <a title=\"Program for digital kompetanse 2004-2008\" href=\"http:\/\/www.regjeringen.no\/upload\/kilde\/ufd\/red\/2004\/0016\/ddd\/pdfv\/201402-program_for_digital_kompetanse.pdf\" target=\"_blank\"><em>Digital kompetanse 2004-2008<\/em><\/a>. Denne skal snart fasast ut, men eg m\u00e5 seie at eg ikkje er s\u00e6rleg imponert over det som har skjedd dei siste fire \u00e5ra sidan eg tok til p\u00e5 mi l\u00e6rarutdanning. Som eksempel p\u00e5 nokre av hovudutfordringane programmet har hatt, kan mellom anna desse nemnast;<\/p>\n<ul>\n<li>utvikle digital kompetanse gjennom daglig bruk i l\u00e6ringsarbeidet<\/li>\n<li>utvikle l\u00e6reres og skolelederes digitale kompetanse<\/li>\n<\/ul>\n<p>Flotte ord. Som vanleg n\u00e5r planar kjem fr\u00e5 statleg hald. Men det er mest alt det er!<\/p>\n<p>Ok&#8230;s\u00e5 er eg i den heldige situasjon at eg <em>har<\/em> projektor i klasserommet. Eg har og h\u00f8ve til \u00e5 gje kvar elev i gruppa mi ei datamaskin kvar&#8230;to timar i veka. Eg kan ikkje anna enn \u00e5 gjenta at eg ikkje er s\u00e6rleg imponert. Me bur trass alt i eit av verdas rikaste land og <em>burde<\/em> ha r\u00e5d til \u00e5 s\u00f8rge for at skuleborna f\u00e5r den digitale kompetansen dei treng i livet utanfor skulen. For det er noko som ikkje heilt gjev meining p\u00e5 dette omr\u00e5det&#8230;<\/p>\n<p><img loading=\"lazy\" decoding=\"async\" class=\"alignleft\" style=\"margin: 3px;\" title=\"Youtube logo\" src=\"http:\/\/farm3.static.flickr.com\/2266\/1509688739_046ba5cf98.jpg?v=0\" alt=\"\" width=\"106\" height=\"71\" \/><img loading=\"lazy\" decoding=\"async\" class=\"alignleft\" style=\"margin: 3px;\" title=\"Facebook logo\" src=\"http:\/\/farm1.static.flickr.com\/225\/503165914_a680a56c77.jpg\" alt=\"\" width=\"179\" height=\"67\" \/>Youtube og Facebook er to d\u00f8me p\u00e5 farsottar som har spreia seg voldsomt p\u00e5 Internett i den seinare tid. Det som diverre ser ut til \u00e5 vera skulane sin reaksjon p\u00e5 dette, er \u00e5 <em>sperra sidene<\/em> for borna n\u00e5r dei er p\u00e5 skulen og nyttar seg av skulen si nettilkopling. Men <em>kva med tida dei er p\u00e5 n\u00e5r dei ikkje er p\u00e5 skulen?<\/em><strong> <\/strong><\/p>\n<p>Eg tek vel ikkje i om eg seier at eg ser p\u00e5 meg sj\u00f8lv som ein t\u00e5lig greit digitalt kompetent ung mann, og er s\u00e5leis godt representert p\u00e5 begge av dei nemnde nettsamfunna. Heilt sidan min fyrste praksis i 2004 har eg vorte spurd av elevar om eg &laquo;har MSN?&raquo;. Dette skjer i 2008 og, men i tillegg er ei erfaring eg har gjort meg at elevar som er under <a title=\"Children Aged Under 13\" href=\"http:\/\/www.facebook.com\/policy.php\" target=\"_blank\">Facebooks l\u00e5gast godkjende alder for registrering<\/a> p\u00e5 deira nettsamfunn, har fors\u00f8kt \u00e5 leggje meg til som ven her.<\/p>\n<p>Youtube har ein liknande <a title=\"Terms of use - Se punkt 12\" href=\"http:\/\/www.youtube.com\/t\/terms\" target=\"_blank\">avtale for bruk<\/a> som du godkjenner n\u00e5r du oppretter konto her.<\/p>\n<blockquote><p><em>&laquo;<\/em><em>In any case, you affirm that you are over the age of 13, as the YouTube Website is not intended for children under 13. If you are under 13 years of age, then please do not use the YouTube Website.&raquo;<\/em><\/p><\/blockquote>\n<p>Trass i dette har eg motteke kommentarar og invitasjonar til \u00e5 verte ven med born som er under denne alderen p\u00e5 begge desse foruma. Eg har difor kome fram til at det er nokre sp\u00f8rsm\u00e5l ein m\u00e5 tenkje p\u00e5 ang\u00e5ande dette:<\/p>\n<ul>\n<li>Kva skal ein som l\u00e6rar gjera i slike situasjonar? Korleis vil eleven reagere om du som l\u00e6rar ikkje vil vera ven med han\/ho?<\/li>\n<li>Skal ein kanskje akseptera f\u00f8respurnaden? Korleis vil d\u00e5 foreldra reagere om dei f\u00e5r greie p\u00e5 det? (Det er vel ikkje sj\u00f8lvsagt at den mindre\u00e5rige poden har nevnt for foreldra at Facebook er ein stad han\/ho &laquo;heng&raquo;&#8230;)<\/li>\n<li>Kvifor har eg ikkje l\u00e6rt <em>noko som helst<\/em> ang\u00e5ande dette under mi fire\u00e5rige utdanning til fleire hundre tusen norske oljekroner?<\/li>\n<li>Kvifor har eg ikkje kome over nokre r\u00e5d fr\u00e5 Utdanningsdirektoratet ang\u00e5ande denne tematikken?<\/li>\n<li>Skal elevane finna ut av desse sp\u00f8rsm\u00e5la p\u00e5 eiga hand, medan skulane, med kommuneadministrasjonane i spissen, stengjer ned nettstader som <em>&laquo;ikkje er passande i ein undervisningssituasjon&raquo;<\/em>?<\/li>\n<\/ul>\n<p>Ironisk nok er sjefen sj\u00f8lv og mannen som er ansvarlig for st\u00e5a i skulen <em>sj\u00f8lv<\/em> <a title=\"Jens Stoltenberg p\u00e5 Facebook\" href=\"http:\/\/www.facebook.com\/minifeed.php?id=21646763580#\/pages\/Jens-Stoltenberg\/21646763580\" target=\"_blank\">p\u00e5 Facebook<\/a>, og jammen er ikkje ogs\u00e5 <a title=\"Jenst Stoltenberg\/Arbeiderpartiet p\u00e5 Youtube\" href=\"http:\/\/www.youtube.com\/arbeiderpartiet\" target=\"_blank\">Jensemann \u00e5 finna p\u00e5 Youtube<\/a> og. Vil dette seia at Facebook <em>ikkje<\/em> er sperra p\u00e5 Stortinget? Sj\u00f8lvsagt er dette hendig n\u00e5r han m\u00e5 inn \u00e5 sjekka kva kaviar <a title=\"Jens Stoltenberg forlovar for Kjetil Try\" href=\"http:\/\/www.kjendis.no\/2008\/11\/01\/552369.html\" target=\"_blank\">Kjetil og Kari valde seg<\/a> p\u00e5 bryllupsreisa!<\/p>\n<p>Eg tenkjer i mitt stille sinn at i desse <a title=\"R\u00f8d knapp mot barneporno\" href=\"http:\/\/www.aftenposten.no\/nyheter\/iriks\/article2635010.ece\" target=\"_blank\">raudknapp-tider<\/a>&#8230;er det ikkje <em>desto viktigare<\/em> at me l\u00e6rer elevane korleis dei <a title=\"SAFT-online\" href=\"http:\/\/www.saftonline.no\/vare_ressurser\/trygg_bruk_filmer\/\" target=\"_blank\">kan ferdast trygt<\/a> i Internettjungelen, framfor \u00e5 stenga ned tenester som dei likevel kan nytte seg av p\u00e5 datamaskina heime?<\/p>\n","protected":false},"excerpt":{"rendered":"<p>Ein har i fire \u00e5r no hatt ei satsing p\u00e5 IKT i skulen, Digital kompetanse 2004-2008. Denne skal snart fasast ut, men eg m\u00e5 seie at eg ikkje er s\u00e6rleg imponert over det som har skjedd dei siste fire \u00e5ra sidan eg tok til p\u00e5 mi l\u00e6rarutdanning. Som eksempel p\u00e5 nokre av hovudutfordringane programmet har [&hellip;]<\/p>\n","protected":false},"author":1,"featured_media":0,"comment_status":"open","ping_status":"open","sticky":false,"template":"","format":"standard","meta":{"footnotes":"","_share_on_mastodon":"0"},"categories":[4,13],"tags":[156,193,891,671,675,856],"class_list":["post-935","post","type-post","status-publish","format-standard","hentry","category-ikt","category-utdanning","tag-digital-kompetanse-2004-2008","tag-facebook","tag-ikt","tag-skole","tag-skule","tag-youtube"],"share_on_mastodon":{"url":"","error":""},"_links":{"self":[{"href":"https:\/\/dalstroka-innafor.net\/index.php?rest_route=\/wp\/v2\/posts\/935","targetHints":{"allow":["GET"]}}],"collection":[{"href":"https:\/\/dalstroka-innafor.net\/index.php?rest_route=\/wp\/v2\/posts"}],"about":[{"href":"https:\/\/dalstroka-innafor.net\/index.php?rest_route=\/wp\/v2\/types\/post"}],"author":[{"embeddable":true,"href":"https:\/\/dalstroka-innafor.net\/index.php?rest_route=\/wp\/v2\/users\/1"}],"replies":[{"embeddable":true,"href":"https:\/\/dalstroka-innafor.net\/index.php?rest_route=%2Fwp%2Fv2%2Fcomments&post=935"}],"version-history":[{"count":0,"href":"https:\/\/dalstroka-innafor.net\/index.php?rest_route=\/wp\/v2\/posts\/935\/revisions"}],"wp:attachment":[{"href":"https:\/\/dalstroka-innafor.net\/index.php?rest_route=%2Fwp%2Fv2%2Fmedia&parent=935"}],"wp:term":[{"taxonomy":"category","embeddable":true,"href":"https:\/\/dalstroka-innafor.net\/index.php?rest_route=%2Fwp%2Fv2%2Fcategories&post=935"},{"taxonomy":"post_tag","embeddable":true,"href":"https:\/\/dalstroka-innafor.net\/index.php?rest_route=%2Fwp%2Fv2%2Ftags&post=935"}],"curies":[{"name":"wp","href":"https:\/\/api.w.org\/{rel}","templated":true}]}}