{"id":814,"date":"2008-09-25T19:05:34","date_gmt":"2008-09-25T17:05:34","guid":{"rendered":"http:\/\/www.dalstroka-innafor.net\/2008\/09\/25\/skitrekk-i-kvar-ei-li\/"},"modified":"2008-09-25T19:05:34","modified_gmt":"2008-09-25T17:05:34","slug":"skitrekk-i-kvar-ei-li","status":"publish","type":"post","link":"https:\/\/dalstroka-innafor.net\/?p=814","title":{"rendered":"Skitrekk i kvar ei li&#8230;"},"content":{"rendered":"<p>Eg sit og undrar litt p\u00e5 n\u00e5r Haugen, Neset, Solheim eller Sirekrok skal koma p\u00e5 bana her&#8230;det synest mest som om det skal vera eit skitrekk til kvar einaste grend i \u00d8vre Sirdal no.<\/p>\n<p>Stolheis til Grubb\u00e5 og b\u00e5nn pinne ned att derifr\u00e5 og ned Haugenbakkane&#8230;det m\u00e5 d\u00e5 vere noko \u00e5 satse p\u00e5? Ein opp p\u00e5 Solheimsknuten hadde vel heller ikkje vore s\u00e5 gale?<\/p>\n<p>I alle fall melder Sird\u00f8len i dag at ei gruppe med grunneigarar p\u00e5 Sinnes no ser ut til \u00e5 villa <a href=\"http:\/\/www.sirdolen.no\/index.php?page=vis_artikkel&amp;ArtID=2199\" target=\"_blank\">kj\u00f8pa heile \u00c5lsheia<\/a>. Og d\u00e5 vil jo som kjend st\u00e5a i \u00d8vre Sirdal vere slik:<\/p>\n<blockquote><p>\u00c5dneram &#8211; \u00c5dneram Skitrekk<br \/>\nFidjeland &#8211; Fidjeland Skitrekk<br \/>\nSinnes &#8211; \u00c5lsheia Skisenter<br \/>\nTj\u00f8rhom &#8211; Tj\u00f8rhomfjellet (Beinesvatnet Skisenter)<\/p><\/blockquote>\n","protected":false},"excerpt":{"rendered":"<p>Eg sit og undrar litt p\u00e5 n\u00e5r Haugen, Neset, Solheim eller Sirekrok skal koma p\u00e5 bana her&#8230;det synest mest som om det skal vera eit skitrekk til kvar einaste grend i \u00d8vre Sirdal no. Stolheis til Grubb\u00e5 og b\u00e5nn pinne ned att derifr\u00e5 og ned Haugenbakkane&#8230;det m\u00e5 d\u00e5 vere noko \u00e5 satse p\u00e5? Ein opp [&hellip;]<\/p>\n","protected":false},"author":1,"featured_media":0,"comment_status":"open","ping_status":"open","sticky":false,"template":"","format":"standard","meta":{"footnotes":"","_share_on_mastodon":"0"},"categories":[7,12],"tags":[37,310,896,666],"class_list":["post-814","post","type-post","status-publish","format-standard","hentry","category-moro","category-sirdal","tag-alpint","tag-hytter","tag-sirdal","tag-skitrekk"],"share_on_mastodon":{"url":"","error":""},"_links":{"self":[{"href":"https:\/\/dalstroka-innafor.net\/index.php?rest_route=\/wp\/v2\/posts\/814","targetHints":{"allow":["GET"]}}],"collection":[{"href":"https:\/\/dalstroka-innafor.net\/index.php?rest_route=\/wp\/v2\/posts"}],"about":[{"href":"https:\/\/dalstroka-innafor.net\/index.php?rest_route=\/wp\/v2\/types\/post"}],"author":[{"embeddable":true,"href":"https:\/\/dalstroka-innafor.net\/index.php?rest_route=\/wp\/v2\/users\/1"}],"replies":[{"embeddable":true,"href":"https:\/\/dalstroka-innafor.net\/index.php?rest_route=%2Fwp%2Fv2%2Fcomments&post=814"}],"version-history":[{"count":0,"href":"https:\/\/dalstroka-innafor.net\/index.php?rest_route=\/wp\/v2\/posts\/814\/revisions"}],"wp:attachment":[{"href":"https:\/\/dalstroka-innafor.net\/index.php?rest_route=%2Fwp%2Fv2%2Fmedia&parent=814"}],"wp:term":[{"taxonomy":"category","embeddable":true,"href":"https:\/\/dalstroka-innafor.net\/index.php?rest_route=%2Fwp%2Fv2%2Fcategories&post=814"},{"taxonomy":"post_tag","embeddable":true,"href":"https:\/\/dalstroka-innafor.net\/index.php?rest_route=%2Fwp%2Fv2%2Ftags&post=814"}],"curies":[{"name":"wp","href":"https:\/\/api.w.org\/{rel}","templated":true}]}}