{"id":797,"date":"2008-09-14T22:35:44","date_gmt":"2008-09-14T20:35:44","guid":{"rendered":"http:\/\/www.dalstroka-innafor.net\/?p=797"},"modified":"2008-09-14T22:35:44","modified_gmt":"2008-09-14T20:35:44","slug":"var-kunstige-utdanningssituasjon","status":"publish","type":"post","link":"https:\/\/dalstroka-innafor.net\/?p=797","title":{"rendered":"V\u00e5r kunstige utdanningssituasjon"},"content":{"rendered":"<p><img loading=\"lazy\" decoding=\"async\" class=\"alignright\" style=\"margin: 5px; max-width: 800px; width: 328px; height: 218px;\" src=\"http:\/\/farm1.static.flickr.com\/7\/6783644_da622fdfcc.jpg?v=0\" alt=\"\" width=\"500\" height=\"333\" \/>Mange meiner mykje om det Norske utdaningssystemet. Eg er ein av dei. No kom eg til \u00e5 tenkje p\u00e5 sj\u00f8lve kvardagen. Korleis borna er organisert for \u00e5 l\u00e6ra. Det heiter jo ikkje <span style=\"font-style: italic;\">klassar<\/span> lenger, men <span style=\"font-style: italic;\">grupper<\/span>. Nytt ord. I mange tilfelle same forskjell. Alts\u00e5 ingen.<br \/>\nI L97 sin generelle del som ikkje vart endra med ny l\u00e6replan heiter det;<\/p>\n<blockquote><p>Oppl\u00e6ringen skal kvalifisere for produktiv innsats i dagens arbeidsliv, og gi grunnlag for<br \/>\nsenere i livet \u00e5 kunne g\u00e5 inn i yrker som enn\u00e5 ikke er skapt.<\/p><\/blockquote>\n<p>Og la oss ta ein kort kikk p\u00e5 dagens arbeidsliv. Det kan jo vera interessant nok i seg sj\u00f8lv det, men av alle ulike jobbar du kjenner til, kor mange er det som inneber at ein m\u00e5 arbeida i 45 minuttsintervallar. Kor mange er det som inneber at du sit p\u00e5 ein pult klemt inn mellom 25 andre pultar og deira tilh\u00f8yrande hyller p\u00e5 snaue 50 kvadratmeter?<\/p>\n<p>For slik er det i skulen.<\/p>\n<p>Oppl\u00e6ringslova fortel oss dette;<\/p>\n<blockquote><p>Elevane kan delast i grupper etter behov. Gruppene m\u00e5 ikkje vere st\u00f8rre enn det som er pedagogisk og tryggleiksmessig forsvarleg. Organiseringa skal vareta elevane sitt behov for sosialt tilh\u00f8r. Til vanleg skal organiseringa ikkje skje etter fagleg niv\u00e5, kj\u00f8nn eller etnisk tilh\u00f8r.<\/p><\/blockquote>\n<p>Den siste setninga der er jo verdt ein blogpost i seg sj\u00f8lv, s\u00e5 det tek eg ikkje meir av no. Men at elevane <em>kan<\/em> delast i grupper etter behov burde jo heller vore formulert som eit skal sp\u00f8r du meg. Ikkje ein gong ei grisemor klarar \u00e5 handtera s\u00e5 mange born p\u00e5 ein gong som det ein l\u00e6rar m\u00e5 gjera til dagleg. Og s\u00e5 snakkar ein om <em>pedagogisk forsvarleg<\/em>?<\/p>\n<p>Folk er ulike, men i den Norske skulekverna anno 2008 vert dei alle kasta i same st\u00f8ypeform sj\u00f8lv om dei alle har krav p\u00e5 <em>tilpassa oppl\u00e6ring<\/em>. Den tilpassa oppl\u00e6ringa skal ikkje vera meir tilpassa ser du, enn at ho kan fungera innanfor eit felles rammeverk som skal gjelda for alle.<\/p>\n","protected":false},"excerpt":{"rendered":"<p>Mange meiner mykje om det Norske utdaningssystemet. Eg er ein av dei. No kom eg til \u00e5 tenkje p\u00e5 sj\u00f8lve kvardagen. Korleis borna er organisert for \u00e5 l\u00e6ra. Det heiter jo ikkje klassar lenger, men grupper. Nytt ord. I mange tilfelle same forskjell. Alts\u00e5 ingen. I L97 sin generelle del som ikkje vart endra med [&hellip;]<\/p>\n","protected":false},"author":1,"featured_media":0,"comment_status":"open","ping_status":"open","sticky":false,"template":"","format":"standard","meta":{"footnotes":"","_share_on_mastodon":"0"},"categories":[13],"tags":[49],"class_list":["post-797","post","type-post","status-publish","format-standard","hentry","category-utdanning","tag-arbeidsmilj"],"share_on_mastodon":{"url":"","error":""},"_links":{"self":[{"href":"https:\/\/dalstroka-innafor.net\/index.php?rest_route=\/wp\/v2\/posts\/797","targetHints":{"allow":["GET"]}}],"collection":[{"href":"https:\/\/dalstroka-innafor.net\/index.php?rest_route=\/wp\/v2\/posts"}],"about":[{"href":"https:\/\/dalstroka-innafor.net\/index.php?rest_route=\/wp\/v2\/types\/post"}],"author":[{"embeddable":true,"href":"https:\/\/dalstroka-innafor.net\/index.php?rest_route=\/wp\/v2\/users\/1"}],"replies":[{"embeddable":true,"href":"https:\/\/dalstroka-innafor.net\/index.php?rest_route=%2Fwp%2Fv2%2Fcomments&post=797"}],"version-history":[{"count":0,"href":"https:\/\/dalstroka-innafor.net\/index.php?rest_route=\/wp\/v2\/posts\/797\/revisions"}],"wp:attachment":[{"href":"https:\/\/dalstroka-innafor.net\/index.php?rest_route=%2Fwp%2Fv2%2Fmedia&parent=797"}],"wp:term":[{"taxonomy":"category","embeddable":true,"href":"https:\/\/dalstroka-innafor.net\/index.php?rest_route=%2Fwp%2Fv2%2Fcategories&post=797"},{"taxonomy":"post_tag","embeddable":true,"href":"https:\/\/dalstroka-innafor.net\/index.php?rest_route=%2Fwp%2Fv2%2Ftags&post=797"}],"curies":[{"name":"wp","href":"https:\/\/api.w.org\/{rel}","templated":true}]}}