{"id":731,"date":"2008-08-27T18:47:33","date_gmt":"2008-08-27T16:47:33","guid":{"rendered":"http:\/\/www.dalstroka-innafor.net\/?p=731"},"modified":"2008-08-27T18:47:33","modified_gmt":"2008-08-27T16:47:33","slug":"politikk-og-pensjonsordning","status":"publish","type":"post","link":"https:\/\/dalstroka-innafor.net\/?p=731","title":{"rendered":"Politikk og pensjonsordning"},"content":{"rendered":"<p>Omsider tek media tak i noko eg har meint noko om i mange \u00e5r no. Pensjonsordninga til politikarar som sit p\u00e5 Stortinge. Eg trur det var heilt attende i 2001 eg kom borti det fyrste gongen. P\u00e5 eit eller anna vis fekk eg h\u00f8yre om den, for dei, flotte pensjonsordninga der dei fekk opparbeida seg full pensjon etter berre 12 \u00e5r p\u00e5 tinget.<\/p>\n<p>Ein pensjonert politikar som har site i tre periodar p\u00e5 Stortinget, kan med dei reglane som gjeld i dag belaga seg p\u00e5 ei \u00e5rleg inntekt p\u00e5 <a href=\"http:\/\/www.aftenposten.no\/nyheter\/iriks\/article2620641.ece\" target=\"_blank\">over 430.000<\/a> blanke, Norske oljekroner rett inn p\u00e5 konto. Dette tilsvarer 66% av den \u00e5rlege l\u00f8nna til ein Stortingspolitikar. Aftenposten har i den same artikkelen <a href=\"http:\/\/www.aftenposten.no\/nyheter\/iriks\/article2620641.ece\" target=\"_blank\">gjort nokre kalkuleringar<\/a> av korleis pensjonen vil verta for s\u00e6rs unge folk og utan at eg vil bry meg meir med akkurat den vinklinga her og no.<\/p>\n<p>Eg fekk faktisk ein gong moglegheiten til \u00e5 samtala med ein som p\u00e5 det tidspunktet sat p\u00e5 tinget omkring dette temaet. Eg kan ikkje ta igjen kva argument eg nytta. Men eg hugsar godt at rettferdsinstinktet mitt sa klart i fr\u00e5 at det \u00e5 kunne bruke 12 \u00e5r av sitt liv, og s\u00e5 kunne h\u00e5ve inn ei slik abnorm \u00e5rsl\u00f8nn resten av livet&#8230;ja det var det ikkje s\u00e6rleg mykje rettferd i. Sosialdemokrati meg her, og sosialdemokrati meg der! <em>Ingen<\/em> fortener vel ein halv million i \u00e5ret etter \u00e5 ha jobba 12 \u00e5r! Ikkje ein gong dei som sat i dei rette kommiteane d\u00e5 den fyrste oljeleidninga vart sluppe ned ute i Nordsj\u00f8en seint p\u00e5 60-talet har gjort seg fortjent til det. Men mine debatantiske evner strakk ikkje til p\u00e5 den tida, om dei no gjer det den dag i dag, s\u00e5 eg tapte den diskusjonen med glans. No ser det likevel ut til at mine motforestillingar mot ei slik ordning omsider vinn fram!<\/p>\n<p>Eg har difor eit forslag. Aftenposten nemner at dei som har <a href=\"http:\/\/www.aftenposten.no\/nyheter\/iriks\/article2621475.ece\" target=\"_blank\">motteke for mykje i pensjon<\/a> nok vert n\u00f8ydt \u00e5 betale attende til staskassa. Forslaget er vel strengt tatt \u00e5 rekne som ei tilleggsstraff. Ein kan jo rekne med at dei uheldige ikkje visste kva dei gjorde, men eg er ikkje Jesus heller! Og toppolitikarar er <em>ikkje<\/em> dumme. Det er p\u00e5 ein m\u00e5te ein grunn til at dei sit p\u00e5 tinget. S\u00e5 difor, utan meir krimskrams: <span style=\"text-decoration: underline;\">set dei opp som assistentar rundt om i Noregs mange underbemanna skular!<\/span> Eg er sikker p\u00e5 at <a title=\"Kjell Magne Bondevik - RLE-l\u00e6rar\" href=\"http:\/\/epos.stortinget.no\/Biografi.aspx?initialer=KMB\" target=\"_blank\">Kjell Magne<\/a> hadde vore ein aldeles fortreffeleg RLE-l\u00e6rar. Elles s\u00e5 kunne eg godt ha teke i mot <a title=\"Anders Talleraas - historie og engelskl\u00e6rar\" href=\"http:\/\/epos.stortinget.no\/Biografi.aspx?initialer=HBE\" target=\"_blank\">Anders Talleraas<\/a> som hovudl\u00e6rar i mine historie og engelsktimar. Og s\u00e5 kunne eg tenkt meg <a title=\"Magnus Stangeland - l\u00e6rarsekret\u00e6r\" href=\"http:\/\/epos.stortinget.no\/Biografi.aspx?initialer=MAS\" target=\"_blank\">Magnus Stangeland<\/a> som papirhandsamar for meg slik at eg berre kunne konsentrera meg om Norsk, Matematikk, Gym og Naturfag for mine 26 elevar.<img loading=\"lazy\" decoding=\"async\" class=\"alignright\" title=\"Val\" src=\"http:\/\/farm1.static.flickr.com\/27\/42959089_9738c1f025.jpg?v=0\" alt=\"\" width=\"384\" height=\"288\" \/><\/p>\n<p>Men attende til utgangspunktet. Pensjonsordninga var og utgangspunktet for mitt argument om at ein b\u00f8r innf\u00f8re ei rotasjonsordning p\u00e5 Stortinget. Eg er av den oppfattning at ein mister heile kontakten med det verkelege liv om ein sit i ein slik posisjon for lenge. Trur du meg ikkje? Ta ein prat med ein heilt tilfeldig fulltidsstudent p\u00e5 ein av Noregs H\u00f8gskular! R\u00f8yndomsbiletet er nok like forkvakla der i garden som for ein politikar som har vore p\u00e5 tinget sidan han vart 25! Eg er strengt tatt litt forundra over meg sj\u00f8lv, og at eg vel \u00e5 kasta meg p\u00e5 ei <a href=\"http:\/\/en.wikipedia.org\/wiki\/United_States_Senate#Members_and_elections\" target=\"_blank\">amerikansk linje<\/a> her. Eg tek han likevel eit steg lenger, og meiner at etter 6 \u00e5r p\u00e5 tinget, b\u00f8r ein ikkje lenger vera eit alternativ p\u00e5 vallistene. Eg ser ganske enkelt for meg at ein vil kunne oppn\u00e5 minst eit par fordelar med dette;<\/p>\n<ul>\n<li>&laquo;Uheldige&raquo; forhold mellom politikarar og n\u00e6ringsliv vil ha mindre rett til til liv<\/li>\n<li>Ein f\u00e5r betre levek\u00e5r for det <a href=\"http:\/\/no.wikipedia.org\/wiki\/Representativt_demokrati\" target=\"_blank\">representative demokratiet<\/a><\/li>\n<li>Sakene til partia vil m\u00e5tte f\u00e5 eit st\u00f8rre fokus enn &laquo;trynefaktor&raquo;<\/li>\n<\/ul>\n<p>S\u00e5 ja. Eg er vel glad for at det no endeleg ser ut til \u00e5 bli slutt p\u00e5 denne skeive ordninga. Ein plass p\u00e5 Stortinget er jo fyrst og fremst ei tillitserkl\u00e6ring fr\u00e5 dine medbogarar. Dernest er det heilt friviljug. Og n\u00e5r politikken har vorte s\u00e5 innvikla at ein som utdanna bakar ikkje skal kunne ha evnene i orden til \u00e5 vera med p\u00e5 \u00e5 styra landet, d\u00e5 er det p\u00e5 tide \u00e5 g\u00e5 attende til r\u00f8tene sp\u00f8r du meg. Ein elite som styrer landet&#8230;minner meg f\u00e6lt om noko anna eg helst ikkje vil tenkje p\u00e5!<\/p>\n","protected":false},"excerpt":{"rendered":"<p>Omsider tek media tak i noko eg har meint noko om i mange \u00e5r no. Pensjonsordninga til politikarar som sit p\u00e5 Stortinge. Eg trur det var heilt attende i 2001 eg kom borti det fyrste gongen. P\u00e5 eit eller anna vis fekk eg h\u00f8yre om den, for dei, flotte pensjonsordninga der dei fekk opparbeida seg [&hellip;]<\/p>\n","protected":false},"author":1,"featured_media":0,"comment_status":"open","ping_status":"open","sticky":false,"template":"","format":"standard","meta":{"footnotes":"","_share_on_mastodon":"0"},"categories":[10],"tags":[149,567,894,612,727,818],"class_list":["post-731","post","type-post","status-publish","format-standard","hentry","category-politikk","tag-demokrati","tag-periodar","tag-politikk","tag-rettfer","tag-storting","tag-valg"],"share_on_mastodon":{"url":"","error":""},"_links":{"self":[{"href":"https:\/\/dalstroka-innafor.net\/index.php?rest_route=\/wp\/v2\/posts\/731","targetHints":{"allow":["GET"]}}],"collection":[{"href":"https:\/\/dalstroka-innafor.net\/index.php?rest_route=\/wp\/v2\/posts"}],"about":[{"href":"https:\/\/dalstroka-innafor.net\/index.php?rest_route=\/wp\/v2\/types\/post"}],"author":[{"embeddable":true,"href":"https:\/\/dalstroka-innafor.net\/index.php?rest_route=\/wp\/v2\/users\/1"}],"replies":[{"embeddable":true,"href":"https:\/\/dalstroka-innafor.net\/index.php?rest_route=%2Fwp%2Fv2%2Fcomments&post=731"}],"version-history":[{"count":0,"href":"https:\/\/dalstroka-innafor.net\/index.php?rest_route=\/wp\/v2\/posts\/731\/revisions"}],"wp:attachment":[{"href":"https:\/\/dalstroka-innafor.net\/index.php?rest_route=%2Fwp%2Fv2%2Fmedia&parent=731"}],"wp:term":[{"taxonomy":"category","embeddable":true,"href":"https:\/\/dalstroka-innafor.net\/index.php?rest_route=%2Fwp%2Fv2%2Fcategories&post=731"},{"taxonomy":"post_tag","embeddable":true,"href":"https:\/\/dalstroka-innafor.net\/index.php?rest_route=%2Fwp%2Fv2%2Ftags&post=731"}],"curies":[{"name":"wp","href":"https:\/\/api.w.org\/{rel}","templated":true}]}}