{"id":64,"date":"2007-03-08T21:53:52","date_gmt":"2007-03-08T20:53:52","guid":{"rendered":"http:\/\/www.dalstroka-innafor.net\/2007\/03\/08\/p%c3%a6nkeiks\/"},"modified":"2007-03-08T21:53:52","modified_gmt":"2007-03-08T20:53:52","slug":"p%c3%a6nkeiks","status":"publish","type":"post","link":"https:\/\/dalstroka-innafor.net\/?p=64","title":{"rendered":"Produktiv dag&#8230;"},"content":{"rendered":"<p>Raymond inviterte p\u00e5 middag i dag. Pannekaker med fl\u00e6sk og bl\u00e5bersylt\u00f8y. Se bildeserien under&#8230;<\/p>\n<p><a title=\"p1180629.JPG\" rel=\"lightbox\" href=\"http:\/\/www.dalstroka-innafor.net\/wp-content\/uploads\/2007\/03\/p1180629.JPG\"><img loading=\"lazy\" decoding=\"async\" src=\"http:\/\/www.dalstroka-innafor.net\/wp-content\/uploads\/2007\/03\/p1180629.thumbnail.JPG\" width=\"75\" height=\"100\" \/><\/a><br \/>\n<a title=\"p1180628.JPG\" rel=\"lightbox\" href=\"http:\/\/www.dalstroka-innafor.net\/wp-content\/uploads\/2007\/03\/p1180628.JPG\"><\/a><br \/>\n<a title=\"p1180626.JPG\" rel=\"lightbox\" href=\"http:\/\/www.dalstroka-innafor.net\/wp-content\/uploads\/2007\/03\/p1180626.JPG\"><\/a><br \/>\n<a title=\"p1180625.JPG\" rel=\"lightbox\" href=\"http:\/\/www.dalstroka-innafor.net\/wp-content\/uploads\/2007\/03\/p1180625.JPG\"><\/a><br \/>\n<a title=\"p1180624.JPG\" rel=\"lightbox\" href=\"http:\/\/www.dalstroka-innafor.net\/wp-content\/uploads\/2007\/03\/p1180624.JPG\"><\/a><br \/>\n(ser du godt etter, s\u00e5 ser du at eg har v\u00e5re litt borti bl\u00e5b\u00e6ret allereie..)<\/p>\n<p>I tillegg laga eg ogs\u00e5 mitt fyrste eksemplar av komposisjon i det vidgjetne &laquo;Siblius&raquo;. <a title=\"i-dreamed-a-dream.mid\" href=\"http:\/\/www.dalstroka-innafor.net\/wp-content\/uploads\/2007\/03\/i-dreamed-a-dream.mid\" target=\"_Blank\">Her er resultatet<\/a>&#8230;.:o<\/p>\n","protected":false},"excerpt":{"rendered":"<p>Raymond inviterte p\u00e5 middag i dag. Pannekaker med fl\u00e6sk og bl\u00e5bersylt\u00f8y. Se bildeserien under&#8230; (ser du godt etter, s\u00e5 ser du at eg har v\u00e5re litt borti bl\u00e5b\u00e6ret allereie..) I tillegg laga eg ogs\u00e5 mitt fyrste eksemplar av komposisjon i det vidgjetne &laquo;Siblius&raquo;. Her er resultatet&#8230;.:o<\/p>\n","protected":false},"author":1,"featured_media":0,"comment_status":"open","ping_status":"open","sticky":false,"template":"","format":"standard","meta":{"footnotes":"","_share_on_mastodon":"0"},"categories":[7,9],"tags":[465,554],"class_list":["post-64","post","type-post","status-publish","format-standard","hentry","category-moro","category-personleg","tag-mat","tag-pannekaker"],"share_on_mastodon":{"url":"","error":""},"_links":{"self":[{"href":"https:\/\/dalstroka-innafor.net\/index.php?rest_route=\/wp\/v2\/posts\/64","targetHints":{"allow":["GET"]}}],"collection":[{"href":"https:\/\/dalstroka-innafor.net\/index.php?rest_route=\/wp\/v2\/posts"}],"about":[{"href":"https:\/\/dalstroka-innafor.net\/index.php?rest_route=\/wp\/v2\/types\/post"}],"author":[{"embeddable":true,"href":"https:\/\/dalstroka-innafor.net\/index.php?rest_route=\/wp\/v2\/users\/1"}],"replies":[{"embeddable":true,"href":"https:\/\/dalstroka-innafor.net\/index.php?rest_route=%2Fwp%2Fv2%2Fcomments&post=64"}],"version-history":[{"count":0,"href":"https:\/\/dalstroka-innafor.net\/index.php?rest_route=\/wp\/v2\/posts\/64\/revisions"}],"wp:attachment":[{"href":"https:\/\/dalstroka-innafor.net\/index.php?rest_route=%2Fwp%2Fv2%2Fmedia&parent=64"}],"wp:term":[{"taxonomy":"category","embeddable":true,"href":"https:\/\/dalstroka-innafor.net\/index.php?rest_route=%2Fwp%2Fv2%2Fcategories&post=64"},{"taxonomy":"post_tag","embeddable":true,"href":"https:\/\/dalstroka-innafor.net\/index.php?rest_route=%2Fwp%2Fv2%2Ftags&post=64"}],"curies":[{"name":"wp","href":"https:\/\/api.w.org\/{rel}","templated":true}]}}