{"id":613,"date":"2008-07-26T12:26:45","date_gmt":"2008-07-26T10:26:45","guid":{"rendered":"http:\/\/www.dalstroka-innafor.net\/?p=613"},"modified":"2008-07-26T12:26:45","modified_gmt":"2008-07-26T10:26:45","slug":"sauefort","status":"publish","type":"post","link":"https:\/\/dalstroka-innafor.net\/?p=613","title":{"rendered":"Sauefort"},"content":{"rendered":"<p>Det er ikkje berre fr\u00e5 den <a href=\"http:\/\/www.nu.no\/saker\/internasjonalt\/wto\/art-080724bonder_mot_wtoavtale.html\" target=\"_blank\">internasjonale arenaen<\/a> at kampen mot sauedrift i Noreg vert utkjempa. Ogs\u00e5 i dalstroka innafor er det nokre som driv ein innbitt kamp mot desse ullkledde firbeinte. Men fyrst, ei lita historisk innf\u00f8ring.<\/p>\n<p>I alle \u00e5r har sauar fr\u00e5 alle Sinnes&raquo; gardsbruk hatt sumarbeite p\u00e5 same staden. Etterkvart har fleire og fleire gardsbruk bytta ut gardsdrifta med andre syslar, antan dette n\u00e5 er <a href=\"http:\/\/sinneshytta.no\/\" target=\"_blank\">hyttebygging<\/a>, <a href=\"http:\/\/www.i-huset.as\/\" target=\"_blank\">menneskeleg utvikling<\/a> eller <a href=\"http:\/\/rlb.no\/overnatting\/info\/3302\" target=\"_blank\">turisme<\/a>. Resultatet av dette er jo sj\u00f8lvsagt at kyr og sauer som m\u00e5tte bidra til ei meir levande bygd vert sendt til n\u00e6raste slakteri. Det medf\u00f8rer ogs\u00e5 at utmark og innmark gror til. Og det medf\u00f8rer at det som tidlegare var b\u00f8nder med tilh\u00f8yrande <a href=\"http:\/\/www.lovdata.no\/all\/tl-19610505-000-003.html#7\" target=\"_blank\">gjerdeplikt<\/a>, no ser p\u00e5 denne plikta som bortfallen. Resultatet d\u00e5 vert at gjerdene ikkje vert sett opp der dei har vore f\u00f8r, og sauer finn det d\u00e5 for godt \u00e5 ta turen heim fr\u00e5 sumarferie og ned til sentrum av Sinnes der det jo som kjent skjer!<\/p>\n<p>N\u00e5r s\u00e5 desse firbeinte kjem traskande heim, s\u00e5 er ein som tidlegare bonde ikkje lenger f\u00f8rebudd p\u00e5 dette, og gjerda er alts\u00e5 ikkje til stades. Ein fer d\u00e5 sauene inn i hagen, opp p\u00e5 trappa og alle stader der ein sj\u00f8lvsagt ikkje ynskjer dei.<\/p>\n<p>Eg kan ikkje seie anna enn at eg tykkjer synd p\u00e5 min stakkars nabo som har sett seg s\u00e5 blind p\u00e5 at han plent ikkje skal gjerde der han har gjerdeplikt (2-300 meter). I staden erigerer han digre byggverk rundt heimen <a rel=\"lightbox[fort]\" href=\"http:\/\/www.dalstroka-innafor.net\/wp-content\/uploads\/2008\/07\/dsc_0011.jpg\"><img loading=\"lazy\" decoding=\"async\" class=\"alignright size-medium wp-image-614\" title=\"Sauefort #1\" src=\"http:\/\/www.dalstroka-innafor.net\/wp-content\/uploads\/2008\/07\/dsc_0011-300x133.jpg\" alt=\"\" width=\"300\" height=\"133\" \/><\/a><a rel=\"lightbox[fort]\" href=\"http:\/\/www.dalstroka-innafor.net\/wp-content\/uploads\/2008\/07\/dsc_0012.jpg\"><\/a><a rel=\"lightbox[fort]\" href=\"http:\/\/www.dalstroka-innafor.net\/wp-content\/uploads\/2008\/07\/dsc_0013.jpg\"><\/a>for \u00e5 halda sauene ute, set straumgjerde MINST like langt som han i utgangspunktet hadde trengt \u00e5 gjerde og flyg elles rundt  til alle d\u00f8gnets tider for \u00e5 jaga dei unna. Men noko m\u00e5 ein vel ha \u00e5 gjera n\u00e5r ein kun driv med turistar. Desse er det jo ikkje akkurat flust av i Sirdal om sumaren!<\/p>\n<p>Og for \u00e5 &laquo;toppa heile driden&raquo;, s\u00e5 hjelper jo diverre ikkje &laquo;fortet&raquo; i det heile. Ein kan lure p\u00e5 kor mange sumrar han har lyst \u00e5 springa etter dei. Kanskje kan det selgjast som ein billeg treningsform for turistane som er buande i campingvognene(hyttene)?<\/p>\n<p>PS. P\u00e5 bileta er det alts\u00e5 meininga at sauane skal g\u00e5 p\u00e5 <em>andre<\/em> sida av barrikadar og straumgjerdet.<\/p>\n","protected":false},"excerpt":{"rendered":"<p>Det er ikkje berre fr\u00e5 den internasjonale arenaen at kampen mot sauedrift i Noreg vert utkjempa. Ogs\u00e5 i dalstroka innafor er det nokre som driv ein innbitt kamp mot desse ullkledde firbeinte. Men fyrst, ei lita historisk innf\u00f8ring. I alle \u00e5r har sauar fr\u00e5 alle Sinnes&raquo; gardsbruk hatt sumarbeite p\u00e5 same staden. Etterkvart har fleire [&hellip;]<\/p>\n","protected":false},"author":1,"featured_media":0,"comment_status":"open","ping_status":"open","sticky":false,"template":"","format":"standard","meta":{"footnotes":"","_share_on_mastodon":"0"},"categories":[7,12],"tags":[636],"class_list":["post-613","post","type-post","status-publish","format-standard","hentry","category-moro","category-sirdal","tag-sauefort"],"share_on_mastodon":{"url":"","error":""},"_links":{"self":[{"href":"https:\/\/dalstroka-innafor.net\/index.php?rest_route=\/wp\/v2\/posts\/613","targetHints":{"allow":["GET"]}}],"collection":[{"href":"https:\/\/dalstroka-innafor.net\/index.php?rest_route=\/wp\/v2\/posts"}],"about":[{"href":"https:\/\/dalstroka-innafor.net\/index.php?rest_route=\/wp\/v2\/types\/post"}],"author":[{"embeddable":true,"href":"https:\/\/dalstroka-innafor.net\/index.php?rest_route=\/wp\/v2\/users\/1"}],"replies":[{"embeddable":true,"href":"https:\/\/dalstroka-innafor.net\/index.php?rest_route=%2Fwp%2Fv2%2Fcomments&post=613"}],"version-history":[{"count":0,"href":"https:\/\/dalstroka-innafor.net\/index.php?rest_route=\/wp\/v2\/posts\/613\/revisions"}],"wp:attachment":[{"href":"https:\/\/dalstroka-innafor.net\/index.php?rest_route=%2Fwp%2Fv2%2Fmedia&parent=613"}],"wp:term":[{"taxonomy":"category","embeddable":true,"href":"https:\/\/dalstroka-innafor.net\/index.php?rest_route=%2Fwp%2Fv2%2Fcategories&post=613"},{"taxonomy":"post_tag","embeddable":true,"href":"https:\/\/dalstroka-innafor.net\/index.php?rest_route=%2Fwp%2Fv2%2Ftags&post=613"}],"curies":[{"name":"wp","href":"https:\/\/api.w.org\/{rel}","templated":true}]}}