{"id":610,"date":"2008-07-14T11:15:09","date_gmt":"2008-07-14T09:15:09","guid":{"rendered":"http:\/\/www.dalstroka-innafor.net\/?p=610"},"modified":"2008-07-14T11:15:09","modified_gmt":"2008-07-14T09:15:09","slug":"ananas-hapa-oppfylging","status":"publish","type":"post","link":"https:\/\/dalstroka-innafor.net\/?p=610","title":{"rendered":"Ananas HaP\u00e5 &#8211; oppfylging"},"content":{"rendered":"<p>Som respons p\u00e5 e-posten eg sendte til Nestle Norge i g\u00e5r og spurde om Ananas HaP\u00c5 fekk eg dette svaret;<\/p>\n<blockquote><p>Takk for mail og interesse for HaP\u00e5.<\/p>\n<p>N\u00e5r det gjelder beslutningen om nedleggelse av Hamarfabrikken som nylig er fattet, er det riktig at noe av v\u00e5rt sortiment skal flyttes til Finland. Dette gjelder imidlertidig kun barnemat. Vi jobber enda med alternative l\u00f8sninger for HaP\u00e5-produksjon i Norge. Det er derfor for tidlig \u00e5 si noe om utfallet i denne saken. Men vi h\u00e5per selvf\u00f8lgelig \u00e5 kunne bevare dette produktet i v\u00e5rt sortiment.<\/p>\n<p>N\u00e5r det gjelder Ananas HaP\u00e5, ble dette produktet tatt ut av v\u00e5rt sortiment da det solgte for d\u00e5rlig, slik at butikkene ikke lenger \u00f8nsket det i hyllene sine. Jeg videref\u00f8rer likevel din henvendelse til ansvarlig p\u00e5 HaP\u00e5 i Norge slik at han ser de \u00f8nskene som kommer inn.<\/p>\n<p>\u00d8nsker deg en riktig fin sommer.<\/p>\n<p>Med vennlig hilsen<br \/>\nLiv Sj\u00f8lie<br \/>\nForbrukerkontakt<br \/>\nA\/S Nestl\u00e9 Norge<\/p><\/blockquote>\n<p>Med andre ord&#8230;om nok av dykk sender ein <a href=\"mailto:forbrukerkontakt@no.nestle.com?subject=Gi oss Ananas HaP\u00e5 tilbake!\">e-post til Nestle<\/a> og sp\u00f8r om nettopp Ananas, eller m\u00f8rk sjokolade for den del og kvifor dei ikkje er \u00e5 skaffa, s\u00e5 er i alle fall sjansen der for at det dukkar opp att. Peis p\u00e5!<\/p>\n","protected":false},"excerpt":{"rendered":"<p>Som respons p\u00e5 e-posten eg sendte til Nestle Norge i g\u00e5r og spurde om Ananas HaP\u00c5 fekk eg dette svaret; Takk for mail og interesse for HaP\u00e5. N\u00e5r det gjelder beslutningen om nedleggelse av Hamarfabrikken som nylig er fattet, er det riktig at noe av v\u00e5rt sortiment skal flyttes til Finland. Dette gjelder imidlertidig kun [&hellip;]<\/p>\n","protected":false},"author":1,"featured_media":0,"comment_status":"open","ping_status":"open","sticky":false,"template":"","format":"standard","meta":{"footnotes":"","_share_on_mastodon":"0"},"categories":[7,9],"tags":[42,284],"class_list":["post-610","post","type-post","status-publish","format-standard","hentry","category-moro","category-personleg","tag-ananas","tag-hapa"],"share_on_mastodon":{"url":"","error":""},"_links":{"self":[{"href":"https:\/\/dalstroka-innafor.net\/index.php?rest_route=\/wp\/v2\/posts\/610","targetHints":{"allow":["GET"]}}],"collection":[{"href":"https:\/\/dalstroka-innafor.net\/index.php?rest_route=\/wp\/v2\/posts"}],"about":[{"href":"https:\/\/dalstroka-innafor.net\/index.php?rest_route=\/wp\/v2\/types\/post"}],"author":[{"embeddable":true,"href":"https:\/\/dalstroka-innafor.net\/index.php?rest_route=\/wp\/v2\/users\/1"}],"replies":[{"embeddable":true,"href":"https:\/\/dalstroka-innafor.net\/index.php?rest_route=%2Fwp%2Fv2%2Fcomments&post=610"}],"version-history":[{"count":0,"href":"https:\/\/dalstroka-innafor.net\/index.php?rest_route=\/wp\/v2\/posts\/610\/revisions"}],"wp:attachment":[{"href":"https:\/\/dalstroka-innafor.net\/index.php?rest_route=%2Fwp%2Fv2%2Fmedia&parent=610"}],"wp:term":[{"taxonomy":"category","embeddable":true,"href":"https:\/\/dalstroka-innafor.net\/index.php?rest_route=%2Fwp%2Fv2%2Fcategories&post=610"},{"taxonomy":"post_tag","embeddable":true,"href":"https:\/\/dalstroka-innafor.net\/index.php?rest_route=%2Fwp%2Fv2%2Ftags&post=610"}],"curies":[{"name":"wp","href":"https:\/\/api.w.org\/{rel}","templated":true}]}}