{"id":575,"date":"2008-06-20T18:22:21","date_gmt":"2008-06-20T16:22:21","guid":{"rendered":"http:\/\/www.dalstroka-innafor.net\/?p=575"},"modified":"2008-06-20T18:22:21","modified_gmt":"2008-06-20T16:22:21","slug":"ulike-problem","status":"publish","type":"post","link":"https:\/\/dalstroka-innafor.net\/?p=575","title":{"rendered":"Ulike problem"},"content":{"rendered":"<p><img decoding=\"async\" class=\"alignright\" style=\"float: right;\" src=\"http:\/\/newsimg.bbc.co.uk\/media\/images\/42991000\/jpg\/_42991643_4.jpg\" alt=\"Skodde over Brisbane\" \/>Her heime har me vanskeleg for \u00e5 verta n\u00f8gde med veret. Er det for mykje sol, klagar b\u00f8ndene p\u00e5 vassmangel, eller hushaldningane p\u00e5 h\u00f8ge straumprisar. Er det for blaut er det ikkje s\u00e5 greit det heller d\u00e5 ein risikerer flaumar og lite uttelling p\u00e5 den solinga ein har planlagd og dr\u00f8ymt om i heile v\u00e5r, medan ein har svetta vekk gram etter gram inne p\u00e5 eit klamt treningsstudio.<\/p>\n<p>Andre stadar i verda, til d\u00f8mes i Brisbane, Australia har ein andre utfordringar. Juni 2008 teiknar til \u00e5 verte den verste m\u00e5naden i manns minne med tanke p\u00e5&#8230;skodde. For det er nettopp skodda som har lagt seg over Brisbane og skapar visse utfordringar der <em>down under<\/em>. Ikkje berre vert flytrafikken hindra, men bilar har ogs\u00e5 problem med \u00e5 navigera i tilh\u00f8ve som byd p\u00e5 50 meter sikt.  <a href=\"http:\/\/www.news.com.au\/couriermail\" target=\"_blank\">The Courier Mail<\/a> kan til og med melde om at CityCaten, den lokale ferga som fraktar folk att og fram mellom Brisbane sine breddar, er forsinka. S\u00e5 ogs\u00e5 toget til Caboolture.<\/p>\n<p>Brisbanes svar p\u00e5 v\u00e5r eigen Vidar Theisen, <em>Vikash Prasad<\/em>, uttalte at det nok var uvanleg med s\u00e5pass tjukk skodde over eit s\u00e5 stort omr\u00e5de som ein opplever om dagen, men at det likevel var juni som historisk sett er den mest skoddelagde m\u00e5naden i s\u00f8raust i Queensland.<\/p>\n","protected":false},"excerpt":{"rendered":"<p>Her heime har me vanskeleg for \u00e5 verta n\u00f8gde med veret. Er det for mykje sol, klagar b\u00f8ndene p\u00e5 vassmangel, eller hushaldningane p\u00e5 h\u00f8ge straumprisar. Er det for blaut er det ikkje s\u00e5 greit det heller d\u00e5 ein risikerer flaumar og lite uttelling p\u00e5 den solinga ein har planlagd og dr\u00f8ymt om i heile v\u00e5r, [&hellip;]<\/p>\n","protected":false},"author":1,"featured_media":0,"comment_status":"open","ping_status":"open","sticky":false,"template":"","format":"standard","meta":{"footnotes":"","_share_on_mastodon":"0"},"categories":[14,7],"tags":[117],"class_list":["post-575","post","type-post","status-publish","format-standard","hentry","category-aa-studiar","category-moro","tag-brisbane"],"share_on_mastodon":{"url":"","error":""},"_links":{"self":[{"href":"https:\/\/dalstroka-innafor.net\/index.php?rest_route=\/wp\/v2\/posts\/575","targetHints":{"allow":["GET"]}}],"collection":[{"href":"https:\/\/dalstroka-innafor.net\/index.php?rest_route=\/wp\/v2\/posts"}],"about":[{"href":"https:\/\/dalstroka-innafor.net\/index.php?rest_route=\/wp\/v2\/types\/post"}],"author":[{"embeddable":true,"href":"https:\/\/dalstroka-innafor.net\/index.php?rest_route=\/wp\/v2\/users\/1"}],"replies":[{"embeddable":true,"href":"https:\/\/dalstroka-innafor.net\/index.php?rest_route=%2Fwp%2Fv2%2Fcomments&post=575"}],"version-history":[{"count":0,"href":"https:\/\/dalstroka-innafor.net\/index.php?rest_route=\/wp\/v2\/posts\/575\/revisions"}],"wp:attachment":[{"href":"https:\/\/dalstroka-innafor.net\/index.php?rest_route=%2Fwp%2Fv2%2Fmedia&parent=575"}],"wp:term":[{"taxonomy":"category","embeddable":true,"href":"https:\/\/dalstroka-innafor.net\/index.php?rest_route=%2Fwp%2Fv2%2Fcategories&post=575"},{"taxonomy":"post_tag","embeddable":true,"href":"https:\/\/dalstroka-innafor.net\/index.php?rest_route=%2Fwp%2Fv2%2Ftags&post=575"}],"curies":[{"name":"wp","href":"https:\/\/api.w.org\/{rel}","templated":true}]}}