{"id":560,"date":"2008-06-08T18:58:47","date_gmt":"2008-06-08T16:58:47","guid":{"rendered":"http:\/\/www.dalstroka-innafor.net\/?p=560"},"modified":"2008-06-08T18:58:47","modified_gmt":"2008-06-08T16:58:47","slug":"h%c3%b8gtideleg-seremoni","status":"publish","type":"post","link":"https:\/\/dalstroka-innafor.net\/?p=560","title":{"rendered":"H\u00f8gtideleg seremoni"},"content":{"rendered":"<p>N\u00e5r det er h\u00f8gtidelege hendingar som gjeng f\u00f8re seg, er det ofte slik at ein har seremoniar for \u00e5 markera nettopp desse. Difor s\u00e5g eg det som eit passande &laquo;offer&raquo; \u00e5 seie takk for meg til Volda og mine fire \u00e5r der ved \u00e5 ofre dei tre Dokumentarfilmfestivalarmbanda eg hadde p\u00e5 handleddet.<\/p>\n<p style=\"text-align: center;\"><a href=\"http:\/\/www.dalstroka-innafor.net\/wp-content\/uploads\/2008\/06\/p6070009.jpg\" rel=\"lightbox[seremoni]\"><img loading=\"lazy\" decoding=\"async\" class=\"size-medium wp-image-563\" title=\"Avskjedsseremoni\" src=\"http:\/\/www.dalstroka-innafor.net\/wp-content\/uploads\/2008\/06\/p6070009-300x225.jpg\" alt=\"Avskjedsseremoni i Volda\" width=\"300\" height=\"225\" \/><\/a><a rel=\"lightbox[seremoni]\" href=\"http:\/\/www.dalstroka-innafor.net\/wp-content\/uploads\/2008\/06\/p6070012.jpg\"><\/a><br \/>\n<a rel=\"lightbox[seremoni]\" href=\"http:\/\/www.dalstroka-innafor.net\/wp-content\/uploads\/2008\/06\/p6070011.jpg\"><\/a><br \/>\n<a rel=\"lightbox[seremoni]\" href=\"http:\/\/www.dalstroka-innafor.net\/wp-content\/uploads\/2008\/06\/p6070014.jpg\"><\/a><br \/>\n<a rel=\"lightbox[seremoni]\" href=\"http:\/\/www.dalstroka-innafor.net\/wp-content\/uploads\/2008\/06\/p6070013.jpg\"><\/a><\/p>\n<p style=\"text-align: left;\">Og elles er det nokre bilete \u00e5 finna i <a href=\"http:\/\/www.dalstroka-innafor.net\/galleri\/slutt_i_volda\/index.html\" target=\"_blank\">galleriet fr\u00e5 heimturen.<\/a><\/p>\n","protected":false},"excerpt":{"rendered":"<p>N\u00e5r det er h\u00f8gtidelege hendingar som gjeng f\u00f8re seg, er det ofte slik at ein har seremoniar for \u00e5 markera nettopp desse. Difor s\u00e5g eg det som eit passande &laquo;offer&raquo; \u00e5 seie takk for meg til Volda og mine fire \u00e5r der ved \u00e5 ofre dei tre Dokumentarfilmfestivalarmbanda eg hadde p\u00e5 handleddet. Og elles er [&hellip;]<\/p>\n","protected":false},"author":1,"featured_media":0,"comment_status":"open","ping_status":"open","sticky":false,"template":"","format":"standard","meta":{"footnotes":"","_share_on_mastodon":"0"},"categories":[13],"tags":[63,645,842],"class_list":["post-560","post","type-post","status-publish","format-standard","hentry","category-utdanning","tag-avskjed","tag-seremoni","tag-volda"],"share_on_mastodon":{"url":"","error":""},"_links":{"self":[{"href":"https:\/\/dalstroka-innafor.net\/index.php?rest_route=\/wp\/v2\/posts\/560","targetHints":{"allow":["GET"]}}],"collection":[{"href":"https:\/\/dalstroka-innafor.net\/index.php?rest_route=\/wp\/v2\/posts"}],"about":[{"href":"https:\/\/dalstroka-innafor.net\/index.php?rest_route=\/wp\/v2\/types\/post"}],"author":[{"embeddable":true,"href":"https:\/\/dalstroka-innafor.net\/index.php?rest_route=\/wp\/v2\/users\/1"}],"replies":[{"embeddable":true,"href":"https:\/\/dalstroka-innafor.net\/index.php?rest_route=%2Fwp%2Fv2%2Fcomments&post=560"}],"version-history":[{"count":0,"href":"https:\/\/dalstroka-innafor.net\/index.php?rest_route=\/wp\/v2\/posts\/560\/revisions"}],"wp:attachment":[{"href":"https:\/\/dalstroka-innafor.net\/index.php?rest_route=%2Fwp%2Fv2%2Fmedia&parent=560"}],"wp:term":[{"taxonomy":"category","embeddable":true,"href":"https:\/\/dalstroka-innafor.net\/index.php?rest_route=%2Fwp%2Fv2%2Fcategories&post=560"},{"taxonomy":"post_tag","embeddable":true,"href":"https:\/\/dalstroka-innafor.net\/index.php?rest_route=%2Fwp%2Fv2%2Ftags&post=560"}],"curies":[{"name":"wp","href":"https:\/\/api.w.org\/{rel}","templated":true}]}}