{"id":556,"date":"2008-05-27T22:27:29","date_gmt":"2008-05-27T20:27:29","guid":{"rendered":"http:\/\/www.dalstroka-innafor.net\/?p=556"},"modified":"2008-05-27T22:27:29","modified_gmt":"2008-05-27T20:27:29","slug":"f%c3%b8ringane-er-lagde","status":"publish","type":"post","link":"https:\/\/dalstroka-innafor.net\/?p=556","title":{"rendered":"F\u00f8ringane er lagde"},"content":{"rendered":"<p>I dag har eg, etter \u00e5 ha r\u00e5df\u00f8rt meg med slekt og vener, teke ei <img loading=\"lazy\" decoding=\"async\" class=\"alignright\" style=\"margin-top: 10px; margin-bottom: 10px; margin-left: 10px;\" src=\"http:\/\/farm3.static.flickr.com\/2018\/2345738851_c2b1757ce1.jpg\" alt=\"\" width=\"355\" height=\"239\" \/>avgjersle som vil ha s\u00e6rdeles stor innverknad p\u00e5 min kvardag. Eg har bestemt meg for \u00e5 takka ja til mi f\u00f8rste l\u00e6rarstilling. For fyrste gong i mitt liv skal eg ta fatt p\u00e5 eit arbeide som eg etter dette samfunnets tradisjonar skal vera utdanna til.<\/p>\n<p>Det vert utan tvil ein heidundrande overgang fr\u00e5 det ansvarslause studentlivet i Volda, men det er vel s\u00e5 sm\u00e5tt p\u00e5 tide etter kvart. Det sp\u00f8rs vel gjerne og om eg ikkje for fyrste gong p\u00e5 27 \u00e5r m\u00e5 endra postadressa mi!<\/p>\n<p>Fr\u00e5 hausten av vert eg \u00e5 finna p\u00e5 ein skule i Sandnes Kommune. Der skal eg vera klassekontakt for ei 5. klasse. Eg fann ut at det var det tryggaste valet om noko kan kallast det. Dessutan vonar eg at tilh\u00f8va er slik som eg innbillar meg at dei er ved skulen. Eg har i alle fall god tru p\u00e5 korleis mitt nye liv no skal verta.<\/p>\n<p>Elles driv eg litt fantasifull surfing p\u00e5 finn.no etter ein stad \u00e5 bu. Sp\u00f8rsm\u00e5let er om ein skal kj\u00f8pa, eller om ein skal velje \u00e5 leiga for ei lita stund. Tross alt s\u00e5 <em>er<\/em> det ikkje sikkert at eg kjem til \u00e5 trivast, sj\u00f8lv om eg nok trur det. Uff nei det vert mykje \u00e5 ta tak i framover, men fyrst av alt skal eg s\u00f8rga for \u00e5 ha ein fin sommar der eg vonar at eg vil f\u00e5 gode opplevingar b\u00e5de heime og i utlandet!<\/p>\n","protected":false},"excerpt":{"rendered":"<p>I dag har eg, etter \u00e5 ha r\u00e5df\u00f8rt meg med slekt og vener, teke ei avgjersle som vil ha s\u00e6rdeles stor innverknad p\u00e5 min kvardag. Eg har bestemt meg for \u00e5 takka ja til mi f\u00f8rste l\u00e6rarstilling. For fyrste gong i mitt liv skal eg ta fatt p\u00e5 eit arbeide som eg etter dette samfunnets [&hellip;]<\/p>\n","protected":false},"author":1,"featured_media":0,"comment_status":"open","ping_status":"open","sticky":false,"template":"","format":"standard","meta":{"footnotes":"","_share_on_mastodon":"0"},"categories":[9,13],"tags":[347,675],"class_list":["post-556","post","type-post","status-publish","format-standard","hentry","category-personleg","category-utdanning","tag-jobb","tag-skule"],"share_on_mastodon":{"url":"","error":""},"_links":{"self":[{"href":"https:\/\/dalstroka-innafor.net\/index.php?rest_route=\/wp\/v2\/posts\/556","targetHints":{"allow":["GET"]}}],"collection":[{"href":"https:\/\/dalstroka-innafor.net\/index.php?rest_route=\/wp\/v2\/posts"}],"about":[{"href":"https:\/\/dalstroka-innafor.net\/index.php?rest_route=\/wp\/v2\/types\/post"}],"author":[{"embeddable":true,"href":"https:\/\/dalstroka-innafor.net\/index.php?rest_route=\/wp\/v2\/users\/1"}],"replies":[{"embeddable":true,"href":"https:\/\/dalstroka-innafor.net\/index.php?rest_route=%2Fwp%2Fv2%2Fcomments&post=556"}],"version-history":[{"count":0,"href":"https:\/\/dalstroka-innafor.net\/index.php?rest_route=\/wp\/v2\/posts\/556\/revisions"}],"wp:attachment":[{"href":"https:\/\/dalstroka-innafor.net\/index.php?rest_route=%2Fwp%2Fv2%2Fmedia&parent=556"}],"wp:term":[{"taxonomy":"category","embeddable":true,"href":"https:\/\/dalstroka-innafor.net\/index.php?rest_route=%2Fwp%2Fv2%2Fcategories&post=556"},{"taxonomy":"post_tag","embeddable":true,"href":"https:\/\/dalstroka-innafor.net\/index.php?rest_route=%2Fwp%2Fv2%2Ftags&post=556"}],"curies":[{"name":"wp","href":"https:\/\/api.w.org\/{rel}","templated":true}]}}