{"id":534,"date":"2008-05-18T16:04:38","date_gmt":"2008-05-18T14:04:38","guid":{"rendered":"http:\/\/www.dalstroka-innafor.net\/?p=534"},"modified":"2008-05-18T16:04:38","modified_gmt":"2008-05-18T14:04:38","slug":"17-mai-och-tarta","status":"publish","type":"post","link":"https:\/\/dalstroka-innafor.net\/?p=534","title":{"rendered":"17 mai och t\u00e5rta"},"content":{"rendered":"<p>17. mai 2008 vart avhalden i Volda slik det har vore tradisjon for min del dei siste fire \u00e5ra. Eg er nok ikkje nokon stor 17. mai-fan, men me hadde trivelig samv\u00e6re med gode vener, fekk g\u00e5tt i tog, veifta med flagg, ete is og fort\u00e6rt nokre flotte kaker som Pernille og Siri diska opp med! Hipp hipp hurra for ein fin 17. mai.<\/p>\n<p><a href=\"http:\/\/www.dalstroka-innafor.net\/wp-content\/uploads\/2008\/05\/p5170002.jpg\" rel=\"lightbox[17]\"><img loading=\"lazy\" decoding=\"async\" class=\"alignleft size-medium wp-image-537\" title=\"Siri si kake\" src=\"http:\/\/www.dalstroka-innafor.net\/wp-content\/uploads\/2008\/05\/p5170002-300x225.jpg\" alt=\"\" width=\"300\" height=\"225\" \/><\/a><a href=\"http:\/\/www.dalstroka-innafor.net\/wp-content\/uploads\/2008\/05\/p5170001.jpg\" rel=\"lightbox[17]\"><img loading=\"lazy\" decoding=\"async\" class=\"alignleft size-medium wp-image-538\" title=\"Pernille si kake\" src=\"http:\/\/www.dalstroka-innafor.net\/wp-content\/uploads\/2008\/05\/p5170001-300x225.jpg\" alt=\"\" width=\"300\" height=\"225\" \/><\/a><\/p>\n","protected":false},"excerpt":{"rendered":"<p>17. mai 2008 vart avhalden i Volda slik det har vore tradisjon for min del dei siste fire \u00e5ra. Eg er nok ikkje nokon stor 17. mai-fan, men me hadde trivelig samv\u00e6re med gode vener, fekk g\u00e5tt i tog, veifta med flagg, ete is og fort\u00e6rt nokre flotte kaker som Pernille og Siri diska opp [&hellip;]<\/p>\n","protected":false},"author":1,"featured_media":0,"comment_status":"open","ping_status":"open","sticky":false,"template":"","format":"standard","meta":{"footnotes":"","_share_on_mastodon":"0"},"categories":[3],"tags":[21,198,367],"class_list":["post-534","post","type-post","status-publish","format-standard","hentry","category-generelt","tag-17-mai","tag-feiring","tag-kake"],"share_on_mastodon":{"url":"","error":""},"_links":{"self":[{"href":"https:\/\/dalstroka-innafor.net\/index.php?rest_route=\/wp\/v2\/posts\/534","targetHints":{"allow":["GET"]}}],"collection":[{"href":"https:\/\/dalstroka-innafor.net\/index.php?rest_route=\/wp\/v2\/posts"}],"about":[{"href":"https:\/\/dalstroka-innafor.net\/index.php?rest_route=\/wp\/v2\/types\/post"}],"author":[{"embeddable":true,"href":"https:\/\/dalstroka-innafor.net\/index.php?rest_route=\/wp\/v2\/users\/1"}],"replies":[{"embeddable":true,"href":"https:\/\/dalstroka-innafor.net\/index.php?rest_route=%2Fwp%2Fv2%2Fcomments&post=534"}],"version-history":[{"count":0,"href":"https:\/\/dalstroka-innafor.net\/index.php?rest_route=\/wp\/v2\/posts\/534\/revisions"}],"wp:attachment":[{"href":"https:\/\/dalstroka-innafor.net\/index.php?rest_route=%2Fwp%2Fv2%2Fmedia&parent=534"}],"wp:term":[{"taxonomy":"category","embeddable":true,"href":"https:\/\/dalstroka-innafor.net\/index.php?rest_route=%2Fwp%2Fv2%2Fcategories&post=534"},{"taxonomy":"post_tag","embeddable":true,"href":"https:\/\/dalstroka-innafor.net\/index.php?rest_route=%2Fwp%2Fv2%2Ftags&post=534"}],"curies":[{"name":"wp","href":"https:\/\/api.w.org\/{rel}","templated":true}]}}