{"id":442,"date":"2008-05-01T12:33:41","date_gmt":"2008-05-01T10:33:41","guid":{"rendered":"http:\/\/www.dalstroka-innafor.net\/?p=442"},"modified":"2008-05-01T12:33:41","modified_gmt":"2008-05-01T10:33:41","slug":"to-timar-med-krompen","status":"publish","type":"post","link":"https:\/\/dalstroka-innafor.net\/?p=442","title":{"rendered":"To timar med Krompen"},"content":{"rendered":"<p>I g\u00e5r deltok eg, saman med ein fullsatt kinosal p\u00e5 Volda Samfunnshus, p\u00e5 den offisielle opninga av Den Norske Dokumentarfilmfestivalen 2008 som i dei siste 12 \u00e5ra har vorte arrangert her. I den samanheng hadde<\/p>\n<p><a href=\"http:\/\/www.dalstroka-innafor.net\/wp-content\/uploads\/2008\/05\/krompen.jpg\" rel=lightbox><img loading=\"lazy\" decoding=\"async\" class=\"alignright size-thumbnail wp-image-443\" style=\"float: right;\" title=\"Krompen\" src=\"http:\/\/www.dalstroka-innafor.net\/wp-content\/uploads\/2008\/05\/krompen-150x150.jpg\" alt=\"http:\/\/www.mre.no\/972707.o2\" width=\"150\" height=\"150\" \/><\/a><\/p>\n<p>festivalen i \u00e5r klart \u00e5 hanka inn ein skikkeleg storfisk til \u00e5 opna festivitasen&#8230;nemleg ingen ringare enn  Kronprins Haakon.<\/p>\n<p>D\u00e5 han entra lokalet gjekk den ganske h\u00f8glytte summinga blandt dei framm\u00f8tte over i total tystnad, samtidig som alle reiste seg. Ganske surrealistisk, og eg kjende at eg var glad eg ikkje var kongeleg&#8230;eg trur rett og slett eg hadde hatt problem med \u00e5 halda meg seri\u00f8s om alle skulle stoppa opp s\u00e5 fort eg dukka opp.<\/p>\n<p>Men Krompen takla det fint. Han intok sin plass berre to rader bak meg med verdigheit, og d\u00e5 han etter talar av styreleiar, ordf\u00f8rar og rektor gjekk fram p\u00e5 sena for \u00e5 gjera det han hadde kome for, hadde slipset falle av. Om dette var av di det var smellvarmt i salen, eller fordi han s\u00e5g det som litt dr\u00f8yt \u00e5 stilla med slips, ja det skal eg ikkje sei noko om. Det var i alle fall eit trekk som gjorde at min personlege smak for det royalistiske steig nokre hakk. For min del finns det berre ein Konge&#8230;Olav, men sonesonen gjorde eit usletteleg inntrykk og verka langt i fr\u00e5 s\u00e5 traurig som eg har f\u00e5tt inntrykk av gjennom fjernsynsskjermen.<\/p>\n<p>Opningsfilmen var og bra, og eg er jo litt kry over \u00e5 kunne seie at eg har sett film <em>med<\/em> Krompen. \ud83d\ude09 Som ein kuriositet kan det jo nemnast at det tydelegvis ikkje er lov \u00e5 ta bilete av H.K.H Kronprinsen med han sit nede.<\/p>\n","protected":false},"excerpt":{"rendered":"<p>I g\u00e5r deltok eg, saman med ein fullsatt kinosal p\u00e5 Volda Samfunnshus, p\u00e5 den offisielle opninga av Den Norske Dokumentarfilmfestivalen 2008 som i dei siste 12 \u00e5ra har vorte arrangert her. I den samanheng hadde festivalen i \u00e5r klart \u00e5 hanka inn ein skikkeleg storfisk til \u00e5 opna festivitasen&#8230;nemleg ingen ringare enn Kronprins Haakon. D\u00e5 [&hellip;]<\/p>\n","protected":false},"author":1,"featured_media":0,"comment_status":"open","ping_status":"open","sticky":false,"template":"","format":"standard","meta":{"footnotes":"","_share_on_mastodon":"0"},"categories":[7],"tags":[],"class_list":["post-442","post","type-post","status-publish","format-standard","hentry","category-moro"],"share_on_mastodon":{"url":"","error":""},"_links":{"self":[{"href":"https:\/\/dalstroka-innafor.net\/index.php?rest_route=\/wp\/v2\/posts\/442","targetHints":{"allow":["GET"]}}],"collection":[{"href":"https:\/\/dalstroka-innafor.net\/index.php?rest_route=\/wp\/v2\/posts"}],"about":[{"href":"https:\/\/dalstroka-innafor.net\/index.php?rest_route=\/wp\/v2\/types\/post"}],"author":[{"embeddable":true,"href":"https:\/\/dalstroka-innafor.net\/index.php?rest_route=\/wp\/v2\/users\/1"}],"replies":[{"embeddable":true,"href":"https:\/\/dalstroka-innafor.net\/index.php?rest_route=%2Fwp%2Fv2%2Fcomments&post=442"}],"version-history":[{"count":0,"href":"https:\/\/dalstroka-innafor.net\/index.php?rest_route=\/wp\/v2\/posts\/442\/revisions"}],"wp:attachment":[{"href":"https:\/\/dalstroka-innafor.net\/index.php?rest_route=%2Fwp%2Fv2%2Fmedia&parent=442"}],"wp:term":[{"taxonomy":"category","embeddable":true,"href":"https:\/\/dalstroka-innafor.net\/index.php?rest_route=%2Fwp%2Fv2%2Fcategories&post=442"},{"taxonomy":"post_tag","embeddable":true,"href":"https:\/\/dalstroka-innafor.net\/index.php?rest_route=%2Fwp%2Fv2%2Ftags&post=442"}],"curies":[{"name":"wp","href":"https:\/\/api.w.org\/{rel}","templated":true}]}}