{"id":37,"date":"2007-02-20T16:15:23","date_gmt":"2007-02-20T15:15:23","guid":{"rendered":"http:\/\/www.dalstroka-innafor.net\/2007\/02\/20\/beine-vegen\/"},"modified":"2007-02-20T16:15:23","modified_gmt":"2007-02-20T15:15:23","slug":"beine-vegen","status":"publish","type":"post","link":"https:\/\/dalstroka-innafor.net\/?p=37","title":{"rendered":"Beine vegen&#8230;"},"content":{"rendered":"<p>Ja d\u00e5 er det herved opplest og vedtatt. Eg har runda mitt 26 levde \u00e5r. Det g\u00e5r alts\u00e5 utelukkande mot eit hektisk arbeidsliv, pensjonisttilv\u00e6relse, og sikker d\u00f8d. Dette merker eg p\u00e5 fleire m\u00e5tar.<\/p>\n<p>For det fyrste, s\u00e5 vil eg fr\u00e5 og med min neste bursdag ikkje lenger kvalifisera som &laquo;ungdom&raquo; hj\u00e5 transportakt\u00f8rne. Det betyr at s\u00e5 snart eg har gjort meg ferdige med studia (les: den statlige vekkplasseringa av ellers heilt brukbar arbeidskraft), s\u00e5 m\u00e5 eg belaga meg p\u00e5 \u00e5 betala <em>fullpris<\/em> p\u00e5 billettar om eg vil ut \u00e5 reise, antan det n\u00e5 er kollektivt, eller om eg vil ta meg ein tur til med Kilroy og sj\u00e5 p\u00e5 verda.<\/p>\n<p>Dernest kjenner eg at eg byrjar \u00e5 f\u00e5 typiske pensjonisttrekk. Dette medf\u00f8rer ettermiddagslurar, p\u00e5kleding av fleire lag klede i kaldt ver (i staden for \u00e5 sitje og sei til seg sj\u00f8lv at det <em>absolutt<\/em> ikkje er kaldt medan tennene hakkar som berre juling),\u00a0 eg inviterer folk i mitt eige bursdagsselskap for \u00e5 ete syndefull mat i form av den eine kaloribomba og hjartesviktframkallande desserten etter den andre, g\u00e5turar til Volda sentrum for \u00e5 g\u00e5 p\u00e5 konditori \u00e5 ete kak og sist men ikkje minst&#8230;.eg byrjar \u00e5 gl\u00f8yme. Det er i og for seg ikkje noko nytt. Men eg gl\u00f8ymer ting eg ikkje tidlegare har gl\u00f8ymt. Eg gl\u00f8ymer heile tida \u00e5 skru av lysa p\u00e5 min versjuke bil som plutselig har funne det for godt at han skal sl\u00e5 seg vrang.<\/p>\n<p>S\u00e5 ein kan vel seie at eg har n\u00e5dd eit vendepunkt i karriera mi. Men eg trur det er til det positive! Etter mitt opplysande opphald i Spania i haust, sa eg jo trass alt til meg sj\u00f8lv at i 2007, skulle eg f\u00e5 meg eit nytt og betre liv. Og s\u00e5 langt teiknar det i alle fall <em>himla<\/em> godt. S\u00e5 eg ser fram til det som ventar&#8230;<\/p>\n","protected":false},"excerpt":{"rendered":"<p>Ja d\u00e5 er det herved opplest og vedtatt. Eg har runda mitt 26 levde \u00e5r. Det g\u00e5r alts\u00e5 utelukkande mot eit hektisk arbeidsliv, pensjonisttilv\u00e6relse, og sikker d\u00f8d. Dette merker eg p\u00e5 fleire m\u00e5tar. For det fyrste, s\u00e5 vil eg fr\u00e5 og med min neste bursdag ikkje lenger kvalifisera som &laquo;ungdom&raquo; hj\u00e5 transportakt\u00f8rne. Det betyr at [&hellip;]<\/p>\n","protected":false},"author":1,"featured_media":0,"comment_status":"open","ping_status":"open","sticky":false,"template":"","format":"standard","meta":{"footnotes":"","_share_on_mastodon":"0"},"categories":[3],"tags":[],"class_list":["post-37","post","type-post","status-publish","format-standard","hentry","category-generelt"],"share_on_mastodon":{"url":"","error":""},"_links":{"self":[{"href":"https:\/\/dalstroka-innafor.net\/index.php?rest_route=\/wp\/v2\/posts\/37","targetHints":{"allow":["GET"]}}],"collection":[{"href":"https:\/\/dalstroka-innafor.net\/index.php?rest_route=\/wp\/v2\/posts"}],"about":[{"href":"https:\/\/dalstroka-innafor.net\/index.php?rest_route=\/wp\/v2\/types\/post"}],"author":[{"embeddable":true,"href":"https:\/\/dalstroka-innafor.net\/index.php?rest_route=\/wp\/v2\/users\/1"}],"replies":[{"embeddable":true,"href":"https:\/\/dalstroka-innafor.net\/index.php?rest_route=%2Fwp%2Fv2%2Fcomments&post=37"}],"version-history":[{"count":0,"href":"https:\/\/dalstroka-innafor.net\/index.php?rest_route=\/wp\/v2\/posts\/37\/revisions"}],"wp:attachment":[{"href":"https:\/\/dalstroka-innafor.net\/index.php?rest_route=%2Fwp%2Fv2%2Fmedia&parent=37"}],"wp:term":[{"taxonomy":"category","embeddable":true,"href":"https:\/\/dalstroka-innafor.net\/index.php?rest_route=%2Fwp%2Fv2%2Fcategories&post=37"},{"taxonomy":"post_tag","embeddable":true,"href":"https:\/\/dalstroka-innafor.net\/index.php?rest_route=%2Fwp%2Fv2%2Ftags&post=37"}],"curies":[{"name":"wp","href":"https:\/\/api.w.org\/{rel}","templated":true}]}}