{"id":367,"date":"2008-03-23T12:25:36","date_gmt":"2008-03-23T10:25:36","guid":{"rendered":"http:\/\/www.dalstroka-innafor.net\/?p=367"},"modified":"2008-03-23T12:25:36","modified_gmt":"2008-03-23T10:25:36","slug":"jula-varer-heilt-til-paske","status":"publish","type":"post","link":"https:\/\/dalstroka-innafor.net\/?p=367","title":{"rendered":"Jula varer heilt til p\u00e5ske&#8230;."},"content":{"rendered":"<p>S\u00e5 difor tek eg meg den fridom \u00e5 presentera ein halvtime med jule-teiknefilm her p\u00e5 dalstroka-innafor.net. Tilfeldigvis kom eg over &laquo;Halvseint&raquo; p\u00e5 NRK sine sider. At eg ikkje har h\u00f8yrt om denne juvelen f\u00f8r er eigentleg merkeleg. Eller. Det er merkeleg at det ikkje har vorte omtala meir i media. Eg tykkjer til d\u00f8mes at det kan m\u00e5la seg med andre NRK-produksjonar som &laquo;Ut i v\u00e5r hage&raquo; o.a. S\u00e5 set av ein litenhalvtime og sj\u00e5 jule-episoden her, eller legg ein tur innom <a href=\"http:\/\/www.nrk.no\/halvseint\" title=\"NRK Halvseint\" target=\"_blank\">NRK Halvseint<\/a> sine sider for litt humor i kvardagen!!<\/p>\n<p><embed src=\"http:\/\/services.brightcove.com\/services\/viewer\/federated_f8\/376819422\" bgcolor=\"#FFFFFF\" flashvars=\"videoId=1344587273&amp;playerId=376819422&amp;viewerSecureGatewayURL=https:\/\/services.brightcove.com\/services\/amfgateway&amp;servicesURL=http:\/\/services.brightcove.com\/services&amp;cdnURL=http:\/\/admin.brightcove.com&amp;domain=embed&amp;autoStart=false&amp;\" base=\"http:\/\/admin.brightcove.com\" name=\"flashObj\" seamlesstabbing=\"false\" type=\"application\/x-shockwave-flash\" swliveconnect=\"true\" pluginspage=\"http:\/\/www.macromedia.com\/shockwave\/download\/index.cgi?P1_Prod_Version=ShockwaveFlash\" height=\"412\" width=\"486\"><\/embed><\/p>\n","protected":false},"excerpt":{"rendered":"<p>S\u00e5 difor tek eg meg den fridom \u00e5 presentera ein halvtime med jule-teiknefilm her p\u00e5 dalstroka-innafor.net. Tilfeldigvis kom eg over &laquo;Halvseint&raquo; p\u00e5 NRK sine sider. At eg ikkje har h\u00f8yrt om denne juvelen f\u00f8r er eigentleg merkeleg. Eller. Det er merkeleg at det ikkje har vorte omtala meir i media. Eg tykkjer til d\u00f8mes at [&hellip;]<\/p>\n","protected":false},"author":1,"featured_media":0,"comment_status":"open","ping_status":"open","sticky":false,"template":"","format":"standard","meta":{"footnotes":"","_share_on_mastodon":"0"},"categories":[7],"tags":[],"class_list":["post-367","post","type-post","status-publish","format-standard","hentry","category-moro"],"share_on_mastodon":{"url":"","error":""},"_links":{"self":[{"href":"https:\/\/dalstroka-innafor.net\/index.php?rest_route=\/wp\/v2\/posts\/367","targetHints":{"allow":["GET"]}}],"collection":[{"href":"https:\/\/dalstroka-innafor.net\/index.php?rest_route=\/wp\/v2\/posts"}],"about":[{"href":"https:\/\/dalstroka-innafor.net\/index.php?rest_route=\/wp\/v2\/types\/post"}],"author":[{"embeddable":true,"href":"https:\/\/dalstroka-innafor.net\/index.php?rest_route=\/wp\/v2\/users\/1"}],"replies":[{"embeddable":true,"href":"https:\/\/dalstroka-innafor.net\/index.php?rest_route=%2Fwp%2Fv2%2Fcomments&post=367"}],"version-history":[{"count":0,"href":"https:\/\/dalstroka-innafor.net\/index.php?rest_route=\/wp\/v2\/posts\/367\/revisions"}],"wp:attachment":[{"href":"https:\/\/dalstroka-innafor.net\/index.php?rest_route=%2Fwp%2Fv2%2Fmedia&parent=367"}],"wp:term":[{"taxonomy":"category","embeddable":true,"href":"https:\/\/dalstroka-innafor.net\/index.php?rest_route=%2Fwp%2Fv2%2Fcategories&post=367"},{"taxonomy":"post_tag","embeddable":true,"href":"https:\/\/dalstroka-innafor.net\/index.php?rest_route=%2Fwp%2Fv2%2Ftags&post=367"}],"curies":[{"name":"wp","href":"https:\/\/api.w.org\/{rel}","templated":true}]}}