{"id":323,"date":"2007-12-18T13:03:38","date_gmt":"2007-12-18T11:03:38","guid":{"rendered":"http:\/\/www.dalstroka-innafor.net\/2007\/12\/18\/litt-nostalgi-i-jolestria\/"},"modified":"2007-12-18T13:03:38","modified_gmt":"2007-12-18T11:03:38","slug":"litt-nostalgi-i-jolestria","status":"publish","type":"post","link":"https:\/\/dalstroka-innafor.net\/?p=323","title":{"rendered":"Litt nostalgi i Jolestria"},"content":{"rendered":"<p>\u00c5ret er 1994. OL p\u00e5 Lillehammer er over og dei siste spor av sn\u00f8 som kan innby til vintersport er borte vekk. P\u00e5 Sinnes Skule stiller mellomtrinnet opp p\u00e5 rekke og rad i skulegarden for \u00e5 f\u00e5 tildelt kvar sitt omr\u00e5de og ein obligorisk s\u00f8ppelsekk. Det er tid for den \u00e5rlege v\u00e5rreinskinga av gr\u00f8ftene langs hovudvegen i \u00d8vre Sirdal.<\/p>\n<p>Med sekkane over skuldrene, hanskar p\u00e5 hendene og England i blikket tok dei fatt p\u00e5 oppg\u00e5va med ein innsatsvilje som kan m\u00e5la seg med Sture Sivertsen&#8217;s 50 km-innsats i det nevnte OL.<\/p>\n<p>Mon tru om tradisjonen end\u00e5 vert halden i hevd&#8230;.<\/p>\n<table align=\"center\">\n<tr>\n<p style=\"text-align: center;\"><a href=\"http:\/\/www.dalstroka-innafor.net\/wp-content\/uploads\/2007\/12\/soppelbiller.jpg\" rel=\"lightbox\" title=\"To Sird\u00f8lar sin innsats for milj\u00f8et\u2026\"><img loading=\"lazy\" decoding=\"async\" src=\"http:\/\/www.dalstroka-innafor.net\/wp-content\/uploads\/2007\/12\/soppelbiller.thumbnail.jpg\" width=\"164\" height=\"200\" alt=\"To Sird\u00f8lar sin innsats for milj\u00f8et\u2026\" class=\"imageframe\" style=\"margin-left:auto; margin-right:auto;\" \/><\/a><\/p>\n<td><\/td>\n<\/tr>\n<\/table>\n","protected":false},"excerpt":{"rendered":"<p>\u00c5ret er 1994. OL p\u00e5 Lillehammer er over og dei siste spor av sn\u00f8 som kan innby til vintersport er borte vekk. P\u00e5 Sinnes Skule stiller mellomtrinnet opp p\u00e5 rekke og rad i skulegarden for \u00e5 f\u00e5 tildelt kvar sitt omr\u00e5de og ein obligorisk s\u00f8ppelsekk. Det er tid for den \u00e5rlege v\u00e5rreinskinga av gr\u00f8ftene langs [&hellip;]<\/p>\n","protected":false},"author":1,"featured_media":0,"comment_status":"open","ping_status":"open","sticky":false,"template":"","format":"standard","meta":{"footnotes":"","_share_on_mastodon":"0"},"categories":[9,12],"tags":[],"class_list":["post-323","post","type-post","status-publish","format-standard","hentry","category-personleg","category-sirdal"],"share_on_mastodon":{"url":"","error":""},"_links":{"self":[{"href":"https:\/\/dalstroka-innafor.net\/index.php?rest_route=\/wp\/v2\/posts\/323","targetHints":{"allow":["GET"]}}],"collection":[{"href":"https:\/\/dalstroka-innafor.net\/index.php?rest_route=\/wp\/v2\/posts"}],"about":[{"href":"https:\/\/dalstroka-innafor.net\/index.php?rest_route=\/wp\/v2\/types\/post"}],"author":[{"embeddable":true,"href":"https:\/\/dalstroka-innafor.net\/index.php?rest_route=\/wp\/v2\/users\/1"}],"replies":[{"embeddable":true,"href":"https:\/\/dalstroka-innafor.net\/index.php?rest_route=%2Fwp%2Fv2%2Fcomments&post=323"}],"version-history":[{"count":0,"href":"https:\/\/dalstroka-innafor.net\/index.php?rest_route=\/wp\/v2\/posts\/323\/revisions"}],"wp:attachment":[{"href":"https:\/\/dalstroka-innafor.net\/index.php?rest_route=%2Fwp%2Fv2%2Fmedia&parent=323"}],"wp:term":[{"taxonomy":"category","embeddable":true,"href":"https:\/\/dalstroka-innafor.net\/index.php?rest_route=%2Fwp%2Fv2%2Fcategories&post=323"},{"taxonomy":"post_tag","embeddable":true,"href":"https:\/\/dalstroka-innafor.net\/index.php?rest_route=%2Fwp%2Fv2%2Ftags&post=323"}],"curies":[{"name":"wp","href":"https:\/\/api.w.org\/{rel}","templated":true}]}}