{"id":313,"date":"2007-12-07T14:45:04","date_gmt":"2007-12-07T12:45:04","guid":{"rendered":"http:\/\/www.dalstroka-innafor.net\/2007\/12\/07\/home-sweet-home\/"},"modified":"2007-12-07T14:45:04","modified_gmt":"2007-12-07T12:45:04","slug":"home-sweet-home","status":"publish","type":"post","link":"https:\/\/dalstroka-innafor.net\/?p=313","title":{"rendered":"Home, sweet home"},"content":{"rendered":"<p>Eg har vore p\u00e5 tur sidan slutten av august. 3 m\u00e5nedar. Eg kunne ha vore i utlandet end\u00e5, men eg valde \u00e5 reise heim. Eg klarar ikkje \u00e5 takle meir enn ein viss dose med sol, varme og kronisk stabilt v\u00e9r. Folk ristar p\u00e5 hovudet n\u00e5r eg fortel at eg faktisk savna det ruskete haustveret som med opplever i Norge.<\/p>\n<p>No har det strengt tatt vorte vinter, i alle fall i teorien. D\u00e5 eg var liten og gjekk p\u00e5 Sinnes Skule, l\u00e6rde eg at vintarm\u00e5ndane er fr\u00e5 desember til februar. Og i \u00e5r har det faktisk vist seg \u00e5 halda stikk. Ute er det i alle fall sn\u00f8 p\u00e5 marka. Men mitt poeng er&#8230;folk har vanskeleg for \u00e5 \u00e5 forst\u00e5 kvifor eg stakk heim. Difor har eg lagt ut nokre grunnar under. (Klikk p\u00e5 biletet for \u00e5 sj\u00e5 eit lite galleri\/Press the image below to view the winterwonderland gallery)<\/p>\n<table>\n<tr>\n<td>\n<p style=\"text-align: center\"><a href=\"http:\/\/www.dalstroka-innafor.net\/wp-content\/uploads\/2007\/12\/dsc_0002.JPG\" rel=\"lightbox[winterwonderland]\" title=\"Solskin med makrellsl\u00f8r\"><img loading=\"lazy\" decoding=\"async\" src=\"http:\/\/www.dalstroka-innafor.net\/wp-content\/uploads\/2007\/12\/dsc_0002.thumbnail.JPG\" alt=\"dsc_0002.JPG\" class=\"imageframe\" style=\"margin-left: auto; margin-right: auto\" height=\"200\" width=\"132\" \/><\/a><br \/>\n<a href=\"http:\/\/www.dalstroka-innafor.net\/wp-content\/uploads\/2007\/12\/dsc_0005.JPG\" rel=\"lightbox[winterwonderland]\" title=\"Ripsbuskar med isdropar\"><\/a><br \/>\n<a href=\"http:\/\/www.dalstroka-innafor.net\/wp-content\/uploads\/2007\/12\/dsc_0007.JPG\" rel=\"lightbox[winterwonderland]\" title=\"Frost p\u00e5 grind\"><\/a><br \/>\n<a href=\"http:\/\/www.dalstroka-innafor.net\/wp-content\/uploads\/2007\/12\/dsc_0010.JPG\" rel=\"lightbox[winterwonderland]\" title=\"Raudt skin over Glipefjell (Glebefjedl)\"><\/a><br \/>\n<a href=\"http:\/\/www.dalstroka-innafor.net\/wp-content\/uploads\/2007\/12\/dsc_0011.JPG\" rel=\"lightbox[winterwonderland]\" title=\"Bl\u00e5tt skin over Glipefjell (Glebefjedl)\"><\/a><br \/>\n<a href=\"http:\/\/www.dalstroka-innafor.net\/wp-content\/uploads\/2007\/12\/dsc_0030.JPG\" rel=\"lightbox[winterwonderland]\" title=\"Frost p\u00e5 gjerdestolpe\"><\/a><\/td>\n<\/tr>\n<\/table>\n","protected":false},"excerpt":{"rendered":"<p>Eg har vore p\u00e5 tur sidan slutten av august. 3 m\u00e5nedar. Eg kunne ha vore i utlandet end\u00e5, men eg valde \u00e5 reise heim. Eg klarar ikkje \u00e5 takle meir enn ein viss dose med sol, varme og kronisk stabilt v\u00e9r. Folk ristar p\u00e5 hovudet n\u00e5r eg fortel at eg faktisk savna det ruskete haustveret [&hellip;]<\/p>\n","protected":false},"author":1,"featured_media":0,"comment_status":"open","ping_status":"open","sticky":false,"template":"","format":"standard","meta":{"footnotes":"","_share_on_mastodon":"0"},"categories":[14,9,12],"tags":[],"class_list":["post-313","post","type-post","status-publish","format-standard","hentry","category-aa-studiar","category-personleg","category-sirdal"],"share_on_mastodon":{"url":"","error":""},"_links":{"self":[{"href":"https:\/\/dalstroka-innafor.net\/index.php?rest_route=\/wp\/v2\/posts\/313","targetHints":{"allow":["GET"]}}],"collection":[{"href":"https:\/\/dalstroka-innafor.net\/index.php?rest_route=\/wp\/v2\/posts"}],"about":[{"href":"https:\/\/dalstroka-innafor.net\/index.php?rest_route=\/wp\/v2\/types\/post"}],"author":[{"embeddable":true,"href":"https:\/\/dalstroka-innafor.net\/index.php?rest_route=\/wp\/v2\/users\/1"}],"replies":[{"embeddable":true,"href":"https:\/\/dalstroka-innafor.net\/index.php?rest_route=%2Fwp%2Fv2%2Fcomments&post=313"}],"version-history":[{"count":0,"href":"https:\/\/dalstroka-innafor.net\/index.php?rest_route=\/wp\/v2\/posts\/313\/revisions"}],"wp:attachment":[{"href":"https:\/\/dalstroka-innafor.net\/index.php?rest_route=%2Fwp%2Fv2%2Fmedia&parent=313"}],"wp:term":[{"taxonomy":"category","embeddable":true,"href":"https:\/\/dalstroka-innafor.net\/index.php?rest_route=%2Fwp%2Fv2%2Fcategories&post=313"},{"taxonomy":"post_tag","embeddable":true,"href":"https:\/\/dalstroka-innafor.net\/index.php?rest_route=%2Fwp%2Fv2%2Ftags&post=313"}],"curies":[{"name":"wp","href":"https:\/\/api.w.org\/{rel}","templated":true}]}}