{"id":308,"date":"2007-11-26T04:33:59","date_gmt":"2007-11-26T02:33:59","guid":{"rendered":"http:\/\/www.dalstroka-innafor.net\/2007\/11\/26\/off-piste\/"},"modified":"2007-11-26T04:33:59","modified_gmt":"2007-11-26T02:33:59","slug":"off-piste","status":"publish","type":"post","link":"https:\/\/dalstroka-innafor.net\/?p=308","title":{"rendered":"Off-piste"},"content":{"rendered":"<p><img loading=\"lazy\" decoding=\"async\" src=\"http:\/\/www.grinningplanet.com\/2006\/11-07\/skydvng-brnsn.gif\" title=\"Kanskje b\u00f8r fallskjerm vere obligatorisk sikkerheitsutsyr i traktorar?\" alt=\"Kanskje b\u00f8r fallskjerm vere obligatorisk sikkerheitsutsyr i traktorar?\" align=\"right\" height=\"211\" hspace=\"3\" vspace=\"3\" width=\"166\" \/><a href=\"http:\/\/web3.aftenbladet.no\/lokalt\/article552879.ece\" target=\"_blank\">Aftenbladet<\/a> slenger f\u00f8lgjande overskrift i andletet p\u00e5 meg i det eg sl\u00e5r p\u00e5 min vesle hanglede laptop; &laquo;Mann falt 40 meter&raquo;. (Seinare ogs\u00e5 kopiert i andre riksavisar: <a href=\"http:\/\/www.aftenposten.no\/nyheter\/iriks\/article2120034.ece\" target=\"_blank\">Aftenposten<\/a> &amp; <a href=\"http:\/\/www.dagbladet.no\/nyheter\/2007\/11\/25\/519223.html\" target=\"_blank\">Dagbladet<\/a>) Slikt h\u00f8yrest jo i utgangspunktet unekteleg dramatisk ut, og ikkje misforst\u00e5 meg, ein traktor som vel \u00e5 kj\u00f8re sin eigen veg og i dette tilfelle gje etter for gravitasjonens lover er jo ikkje \u00e5 sp\u00f8ke med. Det veit eg litt av kvart om sj\u00f8lv.<\/p>\n<p>Uansett. Eg vart jo bergteken av sensasjonsoverskrifta (som fleire har <a href=\"http:\/\/web3.aftenbladet.no\/lokalt\/article552879.ece\" target=\"_blank\">kommentert p\u00e5 Aftenbladet<\/a>) og leste vidare p\u00e5 ingressen. Den kunne melda om at hendinga hadde funne sted ved Andestj\u00f8rn i Sirdal. Tankane begynner \u00e5 snurre. Det er jo heime. Og s\u00e5vidt eg veit, s\u00e5 er det ikkje noko 40 meter loddrett stup nokon stad i omr\u00e5det&#8230;i alle fall ikkje i n\u00e6rleiken av ein veg (end\u00e5). Eg enda etterkvart opp med ein stad der dette kunne ha hendt, og i oppf\u00f8lgjingsartikkelen Aftenbladet presenterer nokre timar seinare vart jo den tanken stadfesta.<\/p>\n<p>Dei siste \u00e5ra har det vore ei utvikling p\u00e5 traktor\/br\u00f8ytefronten p\u00e5 Sinnes. Det slo meg d\u00e5 eg flytta til Volda der eg beit meg merke i at dei fjerna sn\u00f8en med skrape. Snakk om tungvindt m\u00e5te! Men slik har det aldri vore gjort heime&#8230;f\u00f8r no dei siste \u00e5ra. Me har sverga til kjettingar og fres. Og det har fungert som berre juling. Kan hende er det dei labre sn\u00f8vintrane som har f\u00e5tt br\u00f8ytemannskap til \u00e5 senka krava? Ikkje veit eg.<\/p>\n<p>Kanskje er det p\u00e5 tide \u00e5 dra fram skia igjen n\u00e5r ein skal til Sirdal? Ikkje kj\u00f8yre heile vegen til inngangsd\u00f8ra. Det er jo noko med \u00e5 g\u00e5 <a href=\"http:\/\/www.1-2-30.no\/bedrehelse\/aktuelt\/article52790.ece?id=52790\" target=\"_blank\">10.000 skritt<\/a> dagleg, og ein kan jo ikkje ta pause fr\u00e5 dette sj\u00f8lv om ein er p\u00e5 hytta! Det er jo til alt overm\u00e5l kanskje spesielt viktig n\u00e5r ein er p\u00e5 hytta, for s\u00e5vidt meg bekjent s\u00e5 er det ikkje akkurat helsekost det g\u00e5r i d\u00e5.<\/p>\n","protected":false},"excerpt":{"rendered":"<p>Aftenbladet slenger f\u00f8lgjande overskrift i andletet p\u00e5 meg i det eg sl\u00e5r p\u00e5 min vesle hanglede laptop; &laquo;Mann falt 40 meter&raquo;. (Seinare ogs\u00e5 kopiert i andre riksavisar: Aftenposten &amp; Dagbladet) Slikt h\u00f8yrest jo i utgangspunktet unekteleg dramatisk ut, og ikkje misforst\u00e5 meg, ein traktor som vel \u00e5 kj\u00f8re sin eigen veg og i dette tilfelle [&hellip;]<\/p>\n","protected":false},"author":1,"featured_media":0,"comment_status":"open","ping_status":"open","sticky":false,"template":"","format":"standard","meta":{"footnotes":"","_share_on_mastodon":"0"},"categories":[7,12],"tags":[],"class_list":["post-308","post","type-post","status-publish","format-standard","hentry","category-moro","category-sirdal"],"share_on_mastodon":{"url":"","error":""},"_links":{"self":[{"href":"https:\/\/dalstroka-innafor.net\/index.php?rest_route=\/wp\/v2\/posts\/308","targetHints":{"allow":["GET"]}}],"collection":[{"href":"https:\/\/dalstroka-innafor.net\/index.php?rest_route=\/wp\/v2\/posts"}],"about":[{"href":"https:\/\/dalstroka-innafor.net\/index.php?rest_route=\/wp\/v2\/types\/post"}],"author":[{"embeddable":true,"href":"https:\/\/dalstroka-innafor.net\/index.php?rest_route=\/wp\/v2\/users\/1"}],"replies":[{"embeddable":true,"href":"https:\/\/dalstroka-innafor.net\/index.php?rest_route=%2Fwp%2Fv2%2Fcomments&post=308"}],"version-history":[{"count":0,"href":"https:\/\/dalstroka-innafor.net\/index.php?rest_route=\/wp\/v2\/posts\/308\/revisions"}],"wp:attachment":[{"href":"https:\/\/dalstroka-innafor.net\/index.php?rest_route=%2Fwp%2Fv2%2Fmedia&parent=308"}],"wp:term":[{"taxonomy":"category","embeddable":true,"href":"https:\/\/dalstroka-innafor.net\/index.php?rest_route=%2Fwp%2Fv2%2Fcategories&post=308"},{"taxonomy":"post_tag","embeddable":true,"href":"https:\/\/dalstroka-innafor.net\/index.php?rest_route=%2Fwp%2Fv2%2Ftags&post=308"}],"curies":[{"name":"wp","href":"https:\/\/api.w.org\/{rel}","templated":true}]}}