{"id":3038,"date":"2025-08-28T05:17:06","date_gmt":"2025-08-28T04:17:06","guid":{"rendered":"https:\/\/dalstroka-innafor.net\/?p=3038"},"modified":"2025-08-28T05:17:06","modified_gmt":"2025-08-28T04:17:06","slug":"skjermdebatt-anno-2025","status":"publish","type":"post","link":"https:\/\/dalstroka-innafor.net\/?p=3038","title":{"rendered":"Skjermdebatt anno 2025"},"content":{"rendered":"\n<p><a href=\"https:\/\/www.iktogskole.no\/2025\/08\/27\/skjermdebatten-kommer-til-laereplanen\/\">Odin N\u00f8sen har forfatta nokre ord om Udir og skjerm i 2025<\/a>.<\/p>\n\n\n\n<p>Eg heiv meg p\u00e5, med ein kommentar hj\u00e5 han;<\/p>\n\n\n\n<blockquote class=\"wp-block-quote is-layout-flow wp-block-quote-is-layout-flow\">\n<p><em>Eg har nokre \u00e5r bak meg i det aktuelle segmentet no. Og har drive &laquo;prosjekt&raquo; med Chromebook sidan 2016 (long story\u2026.).<\/em><\/p>\n\n\n\n<p><em>Men eg har til gode \u00e5 summere opp kor mange timar, minutt\u2026eller prosent av timane som er nytta til bruk av skjerm. Og er det einskilde skjermar, eller digital tavle me snakkar?<\/em><\/p>\n\n\n\n<p><em>At rektor, eller skulesjefen, som me ikkje har hatt sidan mars, skal ha oversikt over tidsbruken n\u00e5r det gjeld skjerm i mine timar er ikkje anna enn umogleg.<\/em><\/p>\n\n\n\n<p><em>Me nyttar skjerm. Me nyttar blyant. Av og til fargeblyant. Men aldri tusj. Slik dei har i England. Der fl\u00f8ymer det over av tusj. I alle fargar. Ikkje berre svart. Me nyttar av og til kolstift. Og skriv p\u00e5 veggen. I skulebua. Slik steinalderfolk gjer. N\u00e5r v\u00e5ren kjem her, 550 m.o.h, og sn\u00f8en forsvinn fr\u00e5 skulegarden s\u00e5nn litt f\u00f8r 17. mai, nyttar me kritt. N\u00e5r var krittida igjen?<\/em><\/p>\n\n\n\n<p><em>Fordelen med skjermen i 2025, kontra skjermen i 2015, er at skjermen i 2025 startar opp SINNSJUKT mykje fortare enn skjermen i 2015. Eller 2005. Eller 1995. Eg trur skjermtida i 2025 er p\u00e5 h\u00f8gde med skjermtida i 1985 p\u00e5 Tiki-100\u2026.instant on. Det har jo vore ein downperiode der ei stund\u2026<\/em><\/p>\n\n\n\n<p><em>I \u00e5r er eg p\u00e5 7. trinn. Me er berre fire. D\u00e5 har eg teke meg til rette, og innf\u00f8rt RSS for heile hurven. Tanken er at dei treng meir tekst. Mindre biletet og video (utan at me treng \u00e5 f\u00e5 inn p\u00e5 ressursbruken til dei to sistnemnde akkurat her&#8230;). Og dei m\u00e5 ha ein kjapp m\u00e5te \u00e5 sjekka mykje p\u00e5. Mange kjelder. Og det vert jo og eit fokus\u2026..kva kjelder skal me ha? Korleis kategorisere dei? Oi! Me kan s\u00f8ke gjennom alle kjeldene, i staden for \u00e5 Google heile internettet for \u00e5 finne eit eller anna reklamefinansiert s\u00f8keresultat, om ikkje KI&#8217;en sl\u00e5r inn.<\/em><\/p>\n\n\n\n<p><em>Men det er i 7. klasse. I 1. &#8211; 4. var det kjekkast \u00e5 drive med samskriving, \u00f8ve p\u00e5 10-20-30-regelen,\u00f8ve litt p\u00e5 Statped sin Tastaturbo\u2026.men var det skjerm i halvparten av tida? Meir enn det? Gudane veit! Eg veit i alle fall ikkje kor lenge dei held i blyanten heller, og eg er redd ein har litt feil fokus om det er slikt ein vel \u00e5 bry seg med. Men det er klart\u2026..det er jo lett \u00e5 laga statistikk d\u00e5.<\/em><\/p>\n<\/blockquote>\n","protected":false},"excerpt":{"rendered":"<p>Odin N\u00f8sen har forfatta nokre ord om Udir og skjerm i 2025. Eg heiv meg p\u00e5, med ein kommentar hj\u00e5 han; Eg har nokre \u00e5r bak meg i det aktuelle segmentet no. Og har drive &laquo;prosjekt&raquo; med Chromebook sidan 2016 (long story\u2026.). Men eg har til gode \u00e5 summere opp kor mange timar, minutt\u2026eller prosent [&hellip;]<\/p>\n","protected":false},"author":1,"featured_media":0,"comment_status":"open","ping_status":"open","sticky":false,"template":"","format":"standard","meta":{"footnotes":"","_share_on_mastodon":"0"},"categories":[2,4,10],"tags":[891,986,668,675],"class_list":["post-3038","post","type-post","status-publish","format-standard","hentry","category-arbeid","category-ikt","category-politikk","tag-ikt","tag-nosen","tag-skjerm","tag-skule"],"share_on_mastodon":{"url":"https:\/\/snabelen.no\/@dalstroka\/115104456788563301","error":""},"_links":{"self":[{"href":"https:\/\/dalstroka-innafor.net\/index.php?rest_route=\/wp\/v2\/posts\/3038","targetHints":{"allow":["GET"]}}],"collection":[{"href":"https:\/\/dalstroka-innafor.net\/index.php?rest_route=\/wp\/v2\/posts"}],"about":[{"href":"https:\/\/dalstroka-innafor.net\/index.php?rest_route=\/wp\/v2\/types\/post"}],"author":[{"embeddable":true,"href":"https:\/\/dalstroka-innafor.net\/index.php?rest_route=\/wp\/v2\/users\/1"}],"replies":[{"embeddable":true,"href":"https:\/\/dalstroka-innafor.net\/index.php?rest_route=%2Fwp%2Fv2%2Fcomments&post=3038"}],"version-history":[{"count":2,"href":"https:\/\/dalstroka-innafor.net\/index.php?rest_route=\/wp\/v2\/posts\/3038\/revisions"}],"predecessor-version":[{"id":3041,"href":"https:\/\/dalstroka-innafor.net\/index.php?rest_route=\/wp\/v2\/posts\/3038\/revisions\/3041"}],"wp:attachment":[{"href":"https:\/\/dalstroka-innafor.net\/index.php?rest_route=%2Fwp%2Fv2%2Fmedia&parent=3038"}],"wp:term":[{"taxonomy":"category","embeddable":true,"href":"https:\/\/dalstroka-innafor.net\/index.php?rest_route=%2Fwp%2Fv2%2Fcategories&post=3038"},{"taxonomy":"post_tag","embeddable":true,"href":"https:\/\/dalstroka-innafor.net\/index.php?rest_route=%2Fwp%2Fv2%2Ftags&post=3038"}],"curies":[{"name":"wp","href":"https:\/\/api.w.org\/{rel}","templated":true}]}}