{"id":3019,"date":"2025-03-26T18:46:49","date_gmt":"2025-03-26T17:46:49","guid":{"rendered":"https:\/\/dalstroka-innafor.net\/?p=3019"},"modified":"2025-03-26T19:15:35","modified_gmt":"2025-03-26T18:15:35","slug":"vinterlikning","status":"publish","type":"post","link":"https:\/\/dalstroka-innafor.net\/?p=3019","title":{"rendered":"Vinterlikning"},"content":{"rendered":"\n<p>Vinter er gjerne ikkje det dei ein gong var. Medan me i fjor p\u00e5 denne tida koste oss i haugevis av kvit, mjuk sn\u00f8, er kontrasten grell no eit \u00e5r seinare.<\/p>\n\n\n\n<p>V\u00e5r lokale Tobias i T\u00e5rnet har etter det rykta seier ikkje sett ein mindre sn\u00f8rik mars sidan 1936.<\/p>\n\n\n\n<p>I 1936 var det lite skitrekk her. Ikkje s\u00e6rleg med hytter heller. Dei ville vel i dag knapt ha vorte kalla ein vedskut.<\/p>\n\n\n\n<p>Det er rart \u00e5 tenkje attende p\u00e5. Far min var d\u00e5 like gamal som dotter mi er i dag.<\/p>\n\n\n\n<figure class=\"wp-block-image size-full\"><a href=\"https:\/\/dalstroka-innafor.net\/wp-content\/uploads\/2025\/03\/image.jpeg\"><img loading=\"lazy\" decoding=\"async\" width=\"1024\" height=\"576\" src=\"https:\/\/dalstroka-innafor.net\/wp-content\/uploads\/2025\/03\/image.jpeg\" alt=\"This image has an empty alt attribute; its file name is dji17430104989921910375500601386403-1024x576.jpg\" class=\"wp-image-3022\" srcset=\"https:\/\/dalstroka-innafor.net\/wp-content\/uploads\/2025\/03\/image.jpeg 1024w, https:\/\/dalstroka-innafor.net\/wp-content\/uploads\/2025\/03\/image-300x169.jpeg 300w, https:\/\/dalstroka-innafor.net\/wp-content\/uploads\/2025\/03\/image-768x432.jpeg 768w\" sizes=\"auto, (max-width: 1024px) 100vw, 1024px\" \/><\/a><figcaption class=\"wp-element-caption\">03. april 2024<\/figcaption><\/figure>\n\n\n\n<figure class=\"wp-block-image size-large\"><a href=\"https:\/\/dalstroka-innafor.net\/wp-content\/uploads\/2025\/03\/dji1743011610540-scaled-1.jpg\"><img loading=\"lazy\" decoding=\"async\" width=\"1024\" height=\"601\" src=\"https:\/\/dalstroka-innafor.net\/wp-content\/uploads\/2025\/03\/dji1743011610540-scaled-1-1024x601.jpg\" alt=\"\" class=\"wp-image-3024\" srcset=\"https:\/\/dalstroka-innafor.net\/wp-content\/uploads\/2025\/03\/dji1743011610540-scaled-1-1024x601.jpg 1024w, https:\/\/dalstroka-innafor.net\/wp-content\/uploads\/2025\/03\/dji1743011610540-scaled-1-300x176.jpg 300w, https:\/\/dalstroka-innafor.net\/wp-content\/uploads\/2025\/03\/dji1743011610540-scaled-1-768x451.jpg 768w, https:\/\/dalstroka-innafor.net\/wp-content\/uploads\/2025\/03\/dji1743011610540-scaled-1.jpg 1403w\" sizes=\"auto, (max-width: 1024px) 100vw, 1024px\" \/><\/a><figcaption class=\"wp-element-caption\">26. mars 2025<\/figcaption><\/figure>\n\n\n\n<p><\/p>\n","protected":false},"excerpt":{"rendered":"<p>Vinter er gjerne ikkje det dei ein gong var. Medan me i fjor p\u00e5 denne tida koste oss i haugevis av kvit, mjuk sn\u00f8, er kontrasten grell no eit \u00e5r seinare. V\u00e5r lokale Tobias i T\u00e5rnet har etter det rykta seier ikkje sett ein mindre sn\u00f8rik mars sidan 1936. I 1936 var det lite skitrekk [&hellip;]<\/p>\n","protected":false},"author":1,"featured_media":0,"comment_status":"open","ping_status":"open","sticky":false,"template":"","format":"standard","meta":{"footnotes":"","_share_on_mastodon":"0"},"categories":[17,12],"tags":[982,981,948,835],"class_list":["post-3019","post","type-post","status-publish","format-standard","hentry","category-historisk","category-sirdal","tag-982","tag-981","tag-sno","tag-vinter"],"share_on_mastodon":{"url":"https:\/\/snabelen.no\/@dalstroka\/114230045490979672","error":""},"_links":{"self":[{"href":"https:\/\/dalstroka-innafor.net\/index.php?rest_route=\/wp\/v2\/posts\/3019","targetHints":{"allow":["GET"]}}],"collection":[{"href":"https:\/\/dalstroka-innafor.net\/index.php?rest_route=\/wp\/v2\/posts"}],"about":[{"href":"https:\/\/dalstroka-innafor.net\/index.php?rest_route=\/wp\/v2\/types\/post"}],"author":[{"embeddable":true,"href":"https:\/\/dalstroka-innafor.net\/index.php?rest_route=\/wp\/v2\/users\/1"}],"replies":[{"embeddable":true,"href":"https:\/\/dalstroka-innafor.net\/index.php?rest_route=%2Fwp%2Fv2%2Fcomments&post=3019"}],"version-history":[{"count":3,"href":"https:\/\/dalstroka-innafor.net\/index.php?rest_route=\/wp\/v2\/posts\/3019\/revisions"}],"predecessor-version":[{"id":3025,"href":"https:\/\/dalstroka-innafor.net\/index.php?rest_route=\/wp\/v2\/posts\/3019\/revisions\/3025"}],"wp:attachment":[{"href":"https:\/\/dalstroka-innafor.net\/index.php?rest_route=%2Fwp%2Fv2%2Fmedia&parent=3019"}],"wp:term":[{"taxonomy":"category","embeddable":true,"href":"https:\/\/dalstroka-innafor.net\/index.php?rest_route=%2Fwp%2Fv2%2Fcategories&post=3019"},{"taxonomy":"post_tag","embeddable":true,"href":"https:\/\/dalstroka-innafor.net\/index.php?rest_route=%2Fwp%2Fv2%2Ftags&post=3019"}],"curies":[{"name":"wp","href":"https:\/\/api.w.org\/{rel}","templated":true}]}}