{"id":3013,"date":"2025-03-22T17:36:58","date_gmt":"2025-03-22T16:36:58","guid":{"rendered":"https:\/\/dalstroka-innafor.net\/?p=3013"},"modified":"2025-03-22T17:36:58","modified_gmt":"2025-03-22T16:36:58","slug":"til-sirdal-kommunestyre","status":"publish","type":"post","link":"https:\/\/dalstroka-innafor.net\/?p=3013","title":{"rendered":"Til Sirdal kommunestyre"},"content":{"rendered":"\n<p>I dag engasjerte eg meg litt politisk. Denne e-posten forfatta eg til mine lokalt tillitsvalgde. S\u00e5 f\u00e5r ein sj\u00e5 om ein f\u00e5r noko ut av det&#8230;.<\/p>\n\n\n\n<p>Hei<\/p>\n\n\n\n<p>Eg ynskjer \u00e5 spele inn eit emne eg har vore i kontakt med kommunens administrasjon om tidlegare. For meg som innbyggjar i Sirdal, vert det verre og verre \u00e5 sj\u00e5 p\u00e5 at Sirdal stilletiande st\u00f8r opp om det som meir og meir liknar p\u00e5 eit statskupp i USA&#8230;og <a href=\"https:\/\/www.forbes.com\/sites\/garthfriesen\/2025\/01\/26\/why-trump-wants-greenland-and-canada-strategic-and-economic-goals\/\">potensielt ogs\u00e5 andre land<\/a>.<\/p>\n\n\n\n<p>Facebook og X fungerer tilsynelatande som eit ekkokammer for fascistar og MAGA-tilhengjarar.<\/p>\n\n\n\n<p>I <a href=\"https:\/\/www.politico.eu\/article\/musks-x-suspends-opposition-accounts-turkey-protest-civil-unrest-erdogan-imamoglu-istanbul-mayor\/\">Tyrkia har Elon Musk sitt X no blokkert opposisjonens kontoar p\u00e5 nemnde fora<\/a>.<\/p>\n\n\n\n<p>I <a href=\"https:\/\/www.abcnyheter.no\/nyheter\/verden\/2025\/03\/17\/196075158\/thorbjorn-jagland-sier-farvel-til-facebook\">Noreg gjeng tidlegare utenriks- og statsminister <strong>Torbj\u00f8rn Jagland<\/strong> ut<\/a>, og frontar ein, etter mitt vit, veldig sunn skepsis mot Facebook, X og andre amerikanske tech-gigantar;<\/p>\n\n\n\n<blockquote class=\"wp-block-quote is-layout-flow wp-block-quote-is-layout-flow\">\n<p><strong>&laquo;<em>Jeg vil ikke lenger v\u00e6re del av de amerikanske tech-gigantenes algoritme-manipulerte plattformer. De er en stor fare for verden.&raquo;<\/em><\/strong><\/p>\n<\/blockquote>\n\n\n\n<p>Alt i september 2024, same m\u00e5nad som Sirdal kommune (&#8230;omsider. Veldig seint til festen!) oppretta konto p\u00e5 X, var eg i kontakt med administrasjonen ang\u00e5ande dette temaet. Eg problematiserte tilstadeveret der. For det ER problematisk. Av moralske og etiske \u00e5rsaker, \u00e5 vera til stades p\u00e5 desse kanalane slik me ser utviklinga g\u00e5 f\u00f8re seg i &laquo;<a href=\"https:\/\/no.wikipedia.org\/wiki\/Sn%C3%B8fall\">verda utanfor<\/a>&laquo;.<\/p>\n\n\n\n<p>Eg bed samtlege folkevalde parti i Sirdal kommunestyre fremja ei felles sak, der ein f\u00f8lgjer etter Jagland. Der ein gjer eit aktivt moralsk og etisk val omkring tilstadeveret v\u00e5rt p\u00e5 internett.<\/p>\n\n\n\n<p>Ver med Europa, og resten av den frie demokratiske verda me kvar dag kjemper for at alle skal f\u00e5 oppleva, og set eit lite, men tydeleg standpunkt:<\/p>\n\n\n\n<p><strong>Avslutt alle kontoane p\u00e5 Facebook og X. I dag!<\/strong><\/p>\n\n\n\n<p>Fokuser i staden p\u00e5 eigen nettstad, og gjer den s\u00e5 god han kan bli, i staden for \u00e5 spreia energien i alle retningar. F\u00f8lg opne standardar med eiga heimside, som kommunen sj\u00f8lv har kontroll p\u00e5. Gjer <a href=\"https:\/\/www.ks.no\/fagomrader\/digitalisering\/universell-utforming\/alle-kommuner-og-fylkeskommunen-har-tilgjengelighetserklaring\/\">den tilgjengelg for alle med<\/a>. Nytt <a href=\"https:\/\/en.wikipedia.org\/wiki\/RSS\">RSS<\/a>, <a href=\"https:\/\/tanketom.no\/teknologi\/mastodon-og-the-fediverse\">ActivityPub<\/a> m.m og gjer informasjon om Sirdal tilgjengeleg for &laquo;Sird\u00f8len&raquo;. Ikkje for Musk, Bezos og Zuckerberg.<\/p>\n\n\n\n<figure class=\"wp-block-image size-full\"><a href=\"https:\/\/dalstroka-innafor.net\/wp-content\/uploads\/2025\/03\/image.png\"><img loading=\"lazy\" decoding=\"async\" width=\"665\" height=\"482\" src=\"https:\/\/dalstroka-innafor.net\/wp-content\/uploads\/2025\/03\/image.png\" alt=\"\" class=\"wp-image-3014\" srcset=\"https:\/\/dalstroka-innafor.net\/wp-content\/uploads\/2025\/03\/image.png 665w, https:\/\/dalstroka-innafor.net\/wp-content\/uploads\/2025\/03\/image-300x217.png 300w\" sizes=\"auto, (max-width: 665px) 100vw, 665px\" \/><\/a><\/figure>\n\n\n\n<p>P\u00e5 f\u00f8rehand takk.<\/p>\n\n\n\n<p>&#8211; Torger \u00c5ge Sinnes<\/p>\n","protected":false},"excerpt":{"rendered":"<p>I dag engasjerte eg meg litt politisk. Denne e-posten forfatta eg til mine lokalt tillitsvalgde. S\u00e5 f\u00e5r ein sj\u00e5 om ein f\u00e5r noko ut av det&#8230;. Hei Eg ynskjer \u00e5 spele inn eit emne eg har vore i kontakt med kommunens administrasjon om tidlegare. For meg som innbyggjar i Sirdal, vert det verre og verre [&hellip;]<\/p>\n","protected":false},"author":1,"featured_media":0,"comment_status":"open","ping_status":"open","sticky":false,"template":"","format":"standard","meta":{"footnotes":"","_share_on_mastodon":"0"},"categories":[4,12],"tags":[193,896,699,793],"class_list":["post-3013","post","type-post","status-publish","format-standard","hentry","category-ikt","category-sirdal","tag-facebook","tag-sirdal","tag-sosiale-media","tag-twitter"],"share_on_mastodon":{"url":"https:\/\/snabelen.no\/@dalstroka\/114207058829590462","error":""},"_links":{"self":[{"href":"https:\/\/dalstroka-innafor.net\/index.php?rest_route=\/wp\/v2\/posts\/3013","targetHints":{"allow":["GET"]}}],"collection":[{"href":"https:\/\/dalstroka-innafor.net\/index.php?rest_route=\/wp\/v2\/posts"}],"about":[{"href":"https:\/\/dalstroka-innafor.net\/index.php?rest_route=\/wp\/v2\/types\/post"}],"author":[{"embeddable":true,"href":"https:\/\/dalstroka-innafor.net\/index.php?rest_route=\/wp\/v2\/users\/1"}],"replies":[{"embeddable":true,"href":"https:\/\/dalstroka-innafor.net\/index.php?rest_route=%2Fwp%2Fv2%2Fcomments&post=3013"}],"version-history":[{"count":1,"href":"https:\/\/dalstroka-innafor.net\/index.php?rest_route=\/wp\/v2\/posts\/3013\/revisions"}],"predecessor-version":[{"id":3015,"href":"https:\/\/dalstroka-innafor.net\/index.php?rest_route=\/wp\/v2\/posts\/3013\/revisions\/3015"}],"wp:attachment":[{"href":"https:\/\/dalstroka-innafor.net\/index.php?rest_route=%2Fwp%2Fv2%2Fmedia&parent=3013"}],"wp:term":[{"taxonomy":"category","embeddable":true,"href":"https:\/\/dalstroka-innafor.net\/index.php?rest_route=%2Fwp%2Fv2%2Fcategories&post=3013"},{"taxonomy":"post_tag","embeddable":true,"href":"https:\/\/dalstroka-innafor.net\/index.php?rest_route=%2Fwp%2Fv2%2Ftags&post=3013"}],"curies":[{"name":"wp","href":"https:\/\/api.w.org\/{rel}","templated":true}]}}