{"id":2969,"date":"2025-01-18T06:45:36","date_gmt":"2025-01-18T05:45:36","guid":{"rendered":"https:\/\/dalstroka-innafor.net\/?p=2969"},"modified":"2025-01-20T19:52:54","modified_gmt":"2025-01-20T18:52:54","slug":"kommunen-som-mediehus","status":"publish","type":"post","link":"https:\/\/dalstroka-innafor.net\/?p=2969","title":{"rendered":"Kommunen som mediehus?"},"content":{"rendered":"\n<p>I det siste har min heimkommune vore s\u00e6rs aktiv p\u00e5 &laquo;medie&raquo;fronten. Ikkje berre har dei skaffa seg konto p\u00e5 X. Den har og oppretta ein eigen blogg der gladnytt fr\u00e5 kommunen vert publisert. (Det er p\u00e5fallande kor lite informasjon som dukkar opp der om kritikkverdige tilh\u00f8ve, men det gjeld jo og generelt&#8230;)<\/p>\n\n\n\n<p>Siste stuntet er \u00e5 flytte ei lenke som tok deg til videoppotak fr\u00e5 politiske m\u00f8te, vekk i fr\u00e5 kommunens offisielle side (https:\/\/www.sirdal.kommune.no), og over til denne bloggsida.<\/p>\n\n\n\n<figure class=\"wp-block-image\"><img loading=\"lazy\" decoding=\"async\" width=\"1080\" height=\"1488\" src=\"https:\/\/dalstroka-innafor.net\/wp-content\/uploads\/2025\/01\/screenshot_20250118-0847194869306825671671214.png\" alt=\"\" class=\"wp-image-2972\" srcset=\"https:\/\/dalstroka-innafor.net\/wp-content\/uploads\/2025\/01\/screenshot_20250118-0847194869306825671671214.png 1080w, https:\/\/dalstroka-innafor.net\/wp-content\/uploads\/2025\/01\/screenshot_20250118-0847194869306825671671214-218x300.png 218w, https:\/\/dalstroka-innafor.net\/wp-content\/uploads\/2025\/01\/screenshot_20250118-0847194869306825671671214-743x1024.png 743w, https:\/\/dalstroka-innafor.net\/wp-content\/uploads\/2025\/01\/screenshot_20250118-0847194869306825671671214-768x1058.png 768w\" sizes=\"auto, (max-width: 1080px) 100vw, 1080px\" \/><\/figure>\n\n\n\n<p>Er s\u00e5 det noko \u00e5 bry seg med?<\/p>\n\n\n\n<p>Ja. I alle fall n\u00e5r det vert lagd fram som om at dei &laquo;flytter&raquo; sendingane for \u00e5 verte meir tilgjengelege, utan at det er det som er resultatet, meiner eg at det er det. Det vert framstilt som noko det ikkje er.<\/p>\n\n\n\n<p>Politiske m\u00f8te vert sendt ut p\u00e5 https:\/\/sirdal.kommunetv.no. P\u00e5 lik linje med politiske m\u00f8te i <a href=\"https:\/\/oslo.kommunetv.no\/\">Oslo<\/a>, eller <a href=\"https:\/\/sola.kommunetv.no\/\">Sola<\/a>.<\/p>\n\n\n\n<figure class=\"wp-block-image size-large\"><img loading=\"lazy\" decoding=\"async\" width=\"529\" height=\"1024\" src=\"https:\/\/dalstroka-innafor.net\/wp-content\/uploads\/2025\/01\/10000147345914873355241260028-529x1024.png\" alt=\"\" class=\"wp-image-2967\" srcset=\"https:\/\/dalstroka-innafor.net\/wp-content\/uploads\/2025\/01\/10000147345914873355241260028-529x1024.png 529w, https:\/\/dalstroka-innafor.net\/wp-content\/uploads\/2025\/01\/10000147345914873355241260028-155x300.png 155w, https:\/\/dalstroka-innafor.net\/wp-content\/uploads\/2025\/01\/10000147345914873355241260028-768x1485.png 768w, https:\/\/dalstroka-innafor.net\/wp-content\/uploads\/2025\/01\/10000147345914873355241260028-794x1536.png 794w, https:\/\/dalstroka-innafor.net\/wp-content\/uploads\/2025\/01\/10000147345914873355241260028.png 1034w\" sizes=\"auto, (max-width: 529px) 100vw, 529px\" \/><\/figure>\n\n\n\n<p>N\u00e5r min kommune g\u00e5r ut og seier dei vil konsentrera informasjonsflyten &laquo;til ei flate&raquo;, men aldri har hatt fleire flater \u00e5 opphalda seg p\u00e5 (<a href=\"https:\/\/www.sirdal.kommune.no\/\">heimesida<\/a>, Instagram, X, fleire Facebook-kontoar, denne nye &laquo;informasjonssida&raquo; OG eit magasin i papirform), s\u00e5 er det for meg noko som ikkje heng p\u00e5 greip.<\/p>\n\n\n\n<figure class=\"wp-block-image size-large\"><img loading=\"lazy\" decoding=\"async\" width=\"615\" height=\"1024\" src=\"https:\/\/dalstroka-innafor.net\/wp-content\/uploads\/2025\/01\/10000147374470887453739091558-615x1024.png\" alt=\"\" class=\"wp-image-2968\" srcset=\"https:\/\/dalstroka-innafor.net\/wp-content\/uploads\/2025\/01\/10000147374470887453739091558-615x1024.png 615w, https:\/\/dalstroka-innafor.net\/wp-content\/uploads\/2025\/01\/10000147374470887453739091558-180x300.png 180w, https:\/\/dalstroka-innafor.net\/wp-content\/uploads\/2025\/01\/10000147374470887453739091558-768x1279.png 768w, https:\/\/dalstroka-innafor.net\/wp-content\/uploads\/2025\/01\/10000147374470887453739091558-922x1536.png 922w, https:\/\/dalstroka-innafor.net\/wp-content\/uploads\/2025\/01\/10000147374470887453739091558.png 1080w\" sizes=\"auto, (max-width: 615px) 100vw, 615px\" \/><\/figure>\n\n\n\n<p>S\u00e5 p\u00e5 bakgrunn av dette, tok eg kontakt med relativt nytilsett kommunikasjonssperson i kommunen, Wik\u00f8ren, for \u00e5 formidla det eg meiner om det. (I tillegg til litt skikkelege medie ogs\u00e5, sj\u00f8lvsagt);<\/p>\n\n\n\n<p><em>Hei.<\/em><\/p>\n\n\n\n<p><em>Eg m\u00e5 seie at det som innbyggjar opplevest ugreit at lenka til sendingane i fr\u00e5 politiske m\u00f8te vert &laquo;flytta&raquo; til XYZ.<\/em><\/p>\n\n\n\n<p><em>xyz.kommune.no er gjennomarbeida URL i&nbsp;heile landet&nbsp;n\u00e5r det kjem til kommunal sektor.<\/em><\/p>\n\n\n\n<p><em>At ein i Sirdal vel \u00e5 &laquo;fjerne&raquo; dette til ei ekstern (men likevel intern?) bloggside, er lite klokt.<\/em><\/p>\n\n\n\n<p><em>Sendingane f\u00f8reg\u00e5r uansett ikkje p\u00e5 korkje sirdal.kommune.no eller sirdal.info, og det veit de! \u00c5 antyde noko anna er, i mangel av betre ord, &laquo;fake news&raquo;.<\/em><\/p>\n\n\n\n<p><em>S\u00e5 lenge det fortsatt er lenke til sendingane p\u00e5 sirdal.kommune.no, er det forvirrande \u00e5 senda brukaren over til ei propagandaside for kommuenen. Politiske m\u00f8te skal, og b\u00f8r kunne oppdrivast p\u00e5 det som er kommunens offisielle nettside.<\/em><\/p>\n\n\n\n<p><em>At dette trikset ogs\u00e5 direkte vil p\u00e5virka trafikken til XYZ er jo og noko ein kan stilla store sp\u00f8rsm\u00e5lsteikn ved, utan at eg tek meg bryet med \u00e5 g\u00e5 inn p\u00e5 det akkurat i denne omgang.<\/em><\/p>\n\n\n\n<p><em>Ein kunne like gjerne sendt brukaren til sirdalmedia.no, der dei s\u00e5 hadde lenka vidare til\u00a0https:\/\/sirdal.kommunetv.no\/. Akkurat det hadde paradoksalt nok vore meir logisk, d\u00e5 Sirdal Media faktisk er ei mediebedrift som har som oppdrag \u00e5 formidla slikt, i skarp kontrast til kommunens konkurrent XYZ.<\/em><\/p>\n\n\n\n<p><em>Det aller beste, mest logiske og etisk rette er jo likevel \u00e5 formidle videostraumane direkte fr\u00e5 kommunens offisielle URL (sirdal.kommune.no) og til:&nbsp;https:\/\/sirdal.kommunetv.no\/&nbsp;Slik det har vore gjort f\u00f8r.<\/em><\/p>\n\n\n\n<p><em>I staden velgjer Sirdal kommune \u00e5 driva propagandajournalistikk p\u00e5 skattebetalaranes mynt?! Ein kunne i staden gjeve ei st\u00f8nad til ei (eller fleire) uavhengige medie som kunne hatt som f\u00f8rem\u00e5l \u00e5 kritisk dekkja det som r\u00f8r seg i Sirdal kommune\u2026uavhengig av kva politisk parti som har handa p\u00e5 roret.<\/em><\/p>\n\n\n\n<p><em>Akkurat det har jo og har vore oppe politisk tidlegare. Paradoksalt nok ville ikkje ordf\u00f8rar Liland vera med p\u00e5 det. S\u00e5 ser ein jo i desse dagar at det har vorte sv\u00e6rt popul\u00e6rt med sin eigen &laquo;truth channel&raquo;\u2026<\/em><\/p>\n\n\n\n<p>Eg tenkjer vel at det er ein grunn til at over 5000 sj\u00e5arar f\u00f8lgde med p\u00e5 <em>ei<\/em> politisk sak. Og det handla <em>ikkje<\/em> om kvar videom\u00f8tene vert lenka i fr\u00e5.<\/p>\n\n\n\n<p>Mitt forslag: legg varslingssaka (som ingen snakkar om h\u00f8gt) p\u00e5 sakskartet. Diskuter denne saka opent. Sp\u00f8r kvifor s\u00e5 mange tilsette i kommunen har slutta\/flytta dei siste \u00e5ra. Sp\u00f8r kvifor s\u00e5 mange har &laquo;pensjonert&raquo; seg, eller vorte fors\u00f8kt pensjonert av kommunedirekt\u00f8ren. D\u00e5 tenkjer eg at det vert trafikk.<\/p>\n\n\n\n<p>S\u00e5 er det jo ogs\u00e5 eit sp\u00f8rsm\u00e5l om det er <em>det<\/em> som er m\u00e5let med \u00e5 ha videom\u00f8te p\u00e5 nett. \u00c5 f\u00e5 sj\u00e5arar? Me er ~1800 innbyggjarar her&#8230;ikkje alle er myndige. Kvifor treng ein 5000 sj\u00e5arar?<\/p>\n\n\n\n<p>I mitt hovud s\u00e5 er dette tiltaket eit <em>demokratisk<\/em> verkty i Agders st\u00f8rste kommune i areal. Det er eit tiltakt for at fleire skal f\u00e5 med seg kva som skjer politisk. Eit verkty for at dei tillitsvalgde skal kunne haldast ansvarleg for det dei vedtek. <\/p>\n\n\n\n<p><a href=\"https:\/\/sirdal.kommunetv.no\/archive\/628\">Problemet er, som me s\u00e5g i siste TLM<\/a>, at det er f\u00e5 saker som kjem opp politisk. Mykje vert &laquo;ordna&raquo; p\u00e5 bakrommet, utan at andre enn visse innvigde f\u00e5r innsyn i det. D\u00e5 er ting s\u00e6rs vanskeleg \u00e5 etterpr\u00f8va. Det er ein uting!<\/p>\n\n\n\n<p>Men i 2024 handlar jo det meste om &laquo;klikk&raquo; og &laquo;likes&raquo;.<\/p>\n\n\n\n<p>Ah. S\u00e5 var me visst komne til 2025&#8230;?<\/p>\n\n\n\n<p><\/p>\n","protected":false},"excerpt":{"rendered":"<p>I det siste har min heimkommune vore s\u00e6rs aktiv p\u00e5 &laquo;medie&raquo;fronten. Ikkje berre har dei skaffa seg konto p\u00e5 X. Den har og oppretta ein eigen blogg der gladnytt fr\u00e5 kommunen vert publisert. (Det er p\u00e5fallande kor lite informasjon som dukkar opp der om kritikkverdige tilh\u00f8ve, men det gjeld jo og generelt&#8230;) Siste stuntet er [&hellip;]<\/p>\n","protected":false},"author":1,"featured_media":0,"comment_status":"open","ping_status":"open","sticky":false,"template":"","format":"standard","meta":{"footnotes":"","_share_on_mastodon":"1"},"categories":[10,12,1],"tags":[390,973,472,894,896,974,972],"class_list":["post-2969","post","type-post","status-publish","format-standard","hentry","category-politikk","category-sirdal","category-uncategorized","tag-kommunikasjon","tag-liland","tag-media","tag-politikk","tag-sirdal","tag-some","tag-wikoren"],"share_on_mastodon":{"url":"https:\/\/snabelen.no\/@dalstroka\/113848037335263750","error":""},"_links":{"self":[{"href":"https:\/\/dalstroka-innafor.net\/index.php?rest_route=\/wp\/v2\/posts\/2969","targetHints":{"allow":["GET"]}}],"collection":[{"href":"https:\/\/dalstroka-innafor.net\/index.php?rest_route=\/wp\/v2\/posts"}],"about":[{"href":"https:\/\/dalstroka-innafor.net\/index.php?rest_route=\/wp\/v2\/types\/post"}],"author":[{"embeddable":true,"href":"https:\/\/dalstroka-innafor.net\/index.php?rest_route=\/wp\/v2\/users\/1"}],"replies":[{"embeddable":true,"href":"https:\/\/dalstroka-innafor.net\/index.php?rest_route=%2Fwp%2Fv2%2Fcomments&post=2969"}],"version-history":[{"count":8,"href":"https:\/\/dalstroka-innafor.net\/index.php?rest_route=\/wp\/v2\/posts\/2969\/revisions"}],"predecessor-version":[{"id":2990,"href":"https:\/\/dalstroka-innafor.net\/index.php?rest_route=\/wp\/v2\/posts\/2969\/revisions\/2990"}],"wp:attachment":[{"href":"https:\/\/dalstroka-innafor.net\/index.php?rest_route=%2Fwp%2Fv2%2Fmedia&parent=2969"}],"wp:term":[{"taxonomy":"category","embeddable":true,"href":"https:\/\/dalstroka-innafor.net\/index.php?rest_route=%2Fwp%2Fv2%2Fcategories&post=2969"},{"taxonomy":"post_tag","embeddable":true,"href":"https:\/\/dalstroka-innafor.net\/index.php?rest_route=%2Fwp%2Fv2%2Ftags&post=2969"}],"curies":[{"name":"wp","href":"https:\/\/api.w.org\/{rel}","templated":true}]}}