{"id":29,"date":"2007-02-12T09:50:12","date_gmt":"2007-02-12T08:50:12","guid":{"rendered":"http:\/\/www.dalstroka-innafor.net\/2007\/02\/12\/vel-overstatt\/"},"modified":"2007-02-12T09:50:12","modified_gmt":"2007-02-12T08:50:12","slug":"vel-overstatt","status":"publish","type":"post","link":"https:\/\/dalstroka-innafor.net\/?p=29","title":{"rendered":"Vel overst\u00e5tt."},"content":{"rendered":"<p>Ja d\u00e5 var min siste obligatoriske praksis som allmennl\u00e6rarstudent ved H\u00f8gskulen i Volda omsider sluttf\u00f8rt. Det har vore tre <em>hektiske<\/em> veker, og eg kjenner at det var godt \u00e5 kome tilbake igjen i godt gamalt gjenge&#8230;sj\u00f8lv om det har vore ein periode der ein har l\u00e6rt mykje.<\/p>\n<p>Eg kunne nok sagt mangt og mykje om korleis eg har opplevd det heile, og det skal eg d\u00e5 ogs\u00e5 gjere&#8230;i ein praksisrefleksjon. Difor n\u00f8yer eg meg her med \u00e5 seie at det <em>ikkje<\/em> er s\u00e6rleg popul\u00e6rt at h\u00f8gskulen sine ansatte skal koma med eigne prosjekt og p\u00e5leggje studentar som i utgangspunktet har ei stor utfordring framf\u00f8re seg!<\/p>\n<p>Elles kan eg melda om ein ferdig redigert film i fr\u00e5 praksisen i Spania i haust. Skal sj\u00e5 om eg ikkje kan gjere han tilgjengeleg ganske s\u00e5 snart p\u00e5 eit vis.<\/p>\n<p>Og ein ting til&#8230;eg har vorte kasta av nettet p\u00e5 hybelen. Det er ei skam. Her har eg lasta ned absurde mengder med film og musikk i to \u00e5r, og s\u00e5 vert eg kasta ut dei tre vekene eg er i <em>praksis<\/em> og ikkje har tid til denslags. Eg har nok mine teoriar om korleis dette har hendt, og eg har s\u00e5leis sett i gang tiltak for \u00e5 f\u00e5 att mitt kj\u00e6re nett&#8230;og n\u00e5 skal eg opp \u00e5 vingle nokre it-administratorar trur eg.<\/p>\n","protected":false},"excerpt":{"rendered":"<p>Ja d\u00e5 var min siste obligatoriske praksis som allmennl\u00e6rarstudent ved H\u00f8gskulen i Volda omsider sluttf\u00f8rt. Det har vore tre hektiske veker, og eg kjenner at det var godt \u00e5 kome tilbake igjen i godt gamalt gjenge&#8230;sj\u00f8lv om det har vore ein periode der ein har l\u00e6rt mykje. Eg kunne nok sagt mangt og mykje om [&hellip;]<\/p>\n","protected":false},"author":1,"featured_media":0,"comment_status":"open","ping_status":"open","sticky":false,"template":"","format":"standard","meta":{"footnotes":"","_share_on_mastodon":"0"},"categories":[3,4,13],"tags":[],"class_list":["post-29","post","type-post","status-publish","format-standard","hentry","category-generelt","category-ikt","category-utdanning"],"share_on_mastodon":{"url":"","error":""},"_links":{"self":[{"href":"https:\/\/dalstroka-innafor.net\/index.php?rest_route=\/wp\/v2\/posts\/29","targetHints":{"allow":["GET"]}}],"collection":[{"href":"https:\/\/dalstroka-innafor.net\/index.php?rest_route=\/wp\/v2\/posts"}],"about":[{"href":"https:\/\/dalstroka-innafor.net\/index.php?rest_route=\/wp\/v2\/types\/post"}],"author":[{"embeddable":true,"href":"https:\/\/dalstroka-innafor.net\/index.php?rest_route=\/wp\/v2\/users\/1"}],"replies":[{"embeddable":true,"href":"https:\/\/dalstroka-innafor.net\/index.php?rest_route=%2Fwp%2Fv2%2Fcomments&post=29"}],"version-history":[{"count":0,"href":"https:\/\/dalstroka-innafor.net\/index.php?rest_route=\/wp\/v2\/posts\/29\/revisions"}],"wp:attachment":[{"href":"https:\/\/dalstroka-innafor.net\/index.php?rest_route=%2Fwp%2Fv2%2Fmedia&parent=29"}],"wp:term":[{"taxonomy":"category","embeddable":true,"href":"https:\/\/dalstroka-innafor.net\/index.php?rest_route=%2Fwp%2Fv2%2Fcategories&post=29"},{"taxonomy":"post_tag","embeddable":true,"href":"https:\/\/dalstroka-innafor.net\/index.php?rest_route=%2Fwp%2Fv2%2Ftags&post=29"}],"curies":[{"name":"wp","href":"https:\/\/api.w.org\/{rel}","templated":true}]}}