{"id":2879,"date":"2022-11-29T19:39:20","date_gmt":"2022-11-29T18:39:20","guid":{"rendered":"https:\/\/dalstroka-innafor.net\/?p=2879"},"modified":"2022-12-11T12:25:44","modified_gmt":"2022-12-11T11:25:44","slug":"adventstida-2022-er-i-gang","status":"publish","type":"post","link":"https:\/\/dalstroka-innafor.net\/?p=2879","title":{"rendered":"Adventstida 2022 er i gang"},"content":{"rendered":"\n<p>D\u00e5 er adventstida 2022 i gang p\u00e5 skikkeleg. Julegrantenning p\u00e5 skulen i g\u00e5r, og p\u00e5 Kv\u00e6ven i kveld. <\/p>\n\n\n\n<p>Korps med julesongar, flinke ungdomar som syng jula inn, og lett sn\u00f8drev i lufta gjer at det er let \u00e5 kome i julestemning. Dessutan er det greit med litt ekstra lys i dei lange m\u00f8rke dagane&#8230;<\/p>\n\n\n\n<figure class=\"wp-block-image size-large\"><img loading=\"lazy\" decoding=\"async\" width=\"461\" height=\"1024\" src=\"https:\/\/dalstroka-innafor.net\/wp-content\/uploads\/2022\/11\/img_20221129_1746069928144684352185355894-461x1024.jpg\" alt=\"\" class=\"wp-image-2878\" srcset=\"https:\/\/dalstroka-innafor.net\/wp-content\/uploads\/2022\/11\/img_20221129_1746069928144684352185355894-461x1024.jpg 461w, https:\/\/dalstroka-innafor.net\/wp-content\/uploads\/2022\/11\/img_20221129_1746069928144684352185355894-135x300.jpg 135w, https:\/\/dalstroka-innafor.net\/wp-content\/uploads\/2022\/11\/img_20221129_1746069928144684352185355894-768x1707.jpg 768w, https:\/\/dalstroka-innafor.net\/wp-content\/uploads\/2022\/11\/img_20221129_1746069928144684352185355894-691x1536.jpg 691w, https:\/\/dalstroka-innafor.net\/wp-content\/uploads\/2022\/11\/img_20221129_1746069928144684352185355894.jpg 900w\" sizes=\"auto, (max-width: 461px) 100vw, 461px\" \/><figcaption class=\"wp-element-caption\">Julegrana 2022<\/figcaption><\/figure>\n\n\n\n<figure class=\"wp-block-image is-style-rounded\"><img loading=\"lazy\" decoding=\"async\" width=\"461\" height=\"1024\" src=\"https:\/\/dalstroka-innafor.net\/wp-content\/uploads\/2022\/11\/img_20221129_1847291184619650495990840410-461x1024.jpg\" alt=\"\" class=\"wp-image-2877\" srcset=\"https:\/\/dalstroka-innafor.net\/wp-content\/uploads\/2022\/11\/img_20221129_1847291184619650495990840410-461x1024.jpg 461w, https:\/\/dalstroka-innafor.net\/wp-content\/uploads\/2022\/11\/img_20221129_1847291184619650495990840410-135x300.jpg 135w, https:\/\/dalstroka-innafor.net\/wp-content\/uploads\/2022\/11\/img_20221129_1847291184619650495990840410-768x1707.jpg 768w, https:\/\/dalstroka-innafor.net\/wp-content\/uploads\/2022\/11\/img_20221129_1847291184619650495990840410-691x1536.jpg 691w, https:\/\/dalstroka-innafor.net\/wp-content\/uploads\/2022\/11\/img_20221129_1847291184619650495990840410.jpg 900w\" sizes=\"auto, (max-width: 461px) 100vw, 461px\" \/><figcaption class=\"wp-element-caption\">Glade jul, Keg er s\u00e5 glad hver julekveld og Et barn er f\u00f8dt i Betlehem sette stemninga&#8230;<\/figcaption><\/figure>\n","protected":false},"excerpt":{"rendered":"<p>D\u00e5 er adventstida 2022 i gang p\u00e5 skikkeleg. Julegrantenning p\u00e5 skulen i g\u00e5r, og p\u00e5 Kv\u00e6ven i kveld. Korps med julesongar, flinke ungdomar som syng jula inn, og lett sn\u00f8drev i lufta gjer at det er let \u00e5 kome i julestemning. Dessutan er det greit med litt ekstra lys i dei lange m\u00f8rke dagane&#8230;<\/p>\n","protected":false},"author":1,"featured_media":0,"comment_status":"open","ping_status":"open","sticky":false,"template":"","format":"standard","meta":{"footnotes":"","_share_on_mastodon":"0"},"categories":[12],"tags":[961,963,962],"class_list":["post-2879","post","type-post","status-publish","format-standard","hentry","category-sirdal","tag-advent","tag-julegran","tag-julegrantenning"],"share_on_mastodon":{"url":"","error":""},"_links":{"self":[{"href":"https:\/\/dalstroka-innafor.net\/index.php?rest_route=\/wp\/v2\/posts\/2879","targetHints":{"allow":["GET"]}}],"collection":[{"href":"https:\/\/dalstroka-innafor.net\/index.php?rest_route=\/wp\/v2\/posts"}],"about":[{"href":"https:\/\/dalstroka-innafor.net\/index.php?rest_route=\/wp\/v2\/types\/post"}],"author":[{"embeddable":true,"href":"https:\/\/dalstroka-innafor.net\/index.php?rest_route=\/wp\/v2\/users\/1"}],"replies":[{"embeddable":true,"href":"https:\/\/dalstroka-innafor.net\/index.php?rest_route=%2Fwp%2Fv2%2Fcomments&post=2879"}],"version-history":[{"count":2,"href":"https:\/\/dalstroka-innafor.net\/index.php?rest_route=\/wp\/v2\/posts\/2879\/revisions"}],"predecessor-version":[{"id":2882,"href":"https:\/\/dalstroka-innafor.net\/index.php?rest_route=\/wp\/v2\/posts\/2879\/revisions\/2882"}],"wp:attachment":[{"href":"https:\/\/dalstroka-innafor.net\/index.php?rest_route=%2Fwp%2Fv2%2Fmedia&parent=2879"}],"wp:term":[{"taxonomy":"category","embeddable":true,"href":"https:\/\/dalstroka-innafor.net\/index.php?rest_route=%2Fwp%2Fv2%2Fcategories&post=2879"},{"taxonomy":"post_tag","embeddable":true,"href":"https:\/\/dalstroka-innafor.net\/index.php?rest_route=%2Fwp%2Fv2%2Ftags&post=2879"}],"curies":[{"name":"wp","href":"https:\/\/api.w.org\/{rel}","templated":true}]}}