{"id":2869,"date":"2022-08-23T20:44:08","date_gmt":"2022-08-23T19:44:08","guid":{"rendered":"http:\/\/dalstroka-innafor.net\/?p=2869"},"modified":"2022-08-23T21:19:35","modified_gmt":"2022-08-23T20:19:35","slug":"fotoalbum-101-ar-ei-oppfolging","status":"publish","type":"post","link":"https:\/\/dalstroka-innafor.net\/?p=2869","title":{"rendered":"Fotoalbum 101 \u00e5r &#8211; ei oppf\u00f8lging"},"content":{"rendered":"\n<p>I<a href=\"https:\/\/dalstroka-innafor.net\/?p=2854\"> juli la eg ut eit fotoalbum eg har digitalisert<\/a>. Det mangla litt informasjon om personar og stader.<\/p>\n\n\n\n<p>I samband med dette, sendte eg e-post til dei n\u00e6raste musea i omr\u00e5det. Eg fekk napp fr\u00e5 Vest-Agder-museet(?).<\/p>\n\n\n\n<p>E-posten var vidareformidla til Torfinn Norman Hageland, forfattar av mellom anna &laquo;<a href=\"https:\/\/www.nb.no\/items\/a4c04a4222c97c53db977bca5f2de5cf?page=0&amp;searchText=Hellerboka\">Hellerboka<\/a>&laquo;.<\/p>\n\n\n\n<p>Han var enig med meg at fyrste biletet var Sirdalsvatnet.<\/p>\n\n\n\n<figure class=\"wp-block-image size-large\"><a href=\"https:\/\/dalstroka-innafor.net\/wp-content\/uploads\/2022\/07\/bilete0020-scaled.jpg\"><img loading=\"lazy\" decoding=\"async\" width=\"1024\" height=\"671\" src=\"https:\/\/dalstroka-innafor.net\/wp-content\/uploads\/2022\/07\/bilete0020-1024x671.jpg\" alt=\"Sirdalsvatnet\" class=\"wp-image-2856\" srcset=\"https:\/\/dalstroka-innafor.net\/wp-content\/uploads\/2022\/07\/bilete0020-1024x671.jpg 1024w, https:\/\/dalstroka-innafor.net\/wp-content\/uploads\/2022\/07\/bilete0020-300x197.jpg 300w, https:\/\/dalstroka-innafor.net\/wp-content\/uploads\/2022\/07\/bilete0020-768x503.jpg 768w, https:\/\/dalstroka-innafor.net\/wp-content\/uploads\/2022\/07\/bilete0020-1536x1006.jpg 1536w, https:\/\/dalstroka-innafor.net\/wp-content\/uploads\/2022\/07\/bilete0020-2048x1342.jpg 2048w\" sizes=\"auto, (max-width: 1024px) 100vw, 1024px\" \/><\/a><\/figure>\n\n\n\n<p>Vidare er dette biletet fr\u00e5 <a href=\"https:\/\/norgeskart.no\/#!?project=norgeskart&amp;layers=1002&amp;zoom=15&amp;lat=6553622.74&amp;lon=42966.84&amp;markerLat=6553622.737534713&amp;markerLon=42966.83969704621&amp;p=searchOptionsPanel&amp;sok=Kvinen\">Kvinen<\/a>.<\/p>\n\n\n\n<figure class=\"wp-block-image size-large\"><a href=\"https:\/\/dalstroka-innafor.net\/wp-content\/uploads\/2022\/07\/bilete0023-scaled.jpg\"><img loading=\"lazy\" decoding=\"async\" width=\"1024\" height=\"493\" src=\"https:\/\/dalstroka-innafor.net\/wp-content\/uploads\/2022\/07\/bilete0023-1024x493.jpg\" alt=\"Kvinen\" class=\"wp-image-2859\" srcset=\"https:\/\/dalstroka-innafor.net\/wp-content\/uploads\/2022\/07\/bilete0023-1024x493.jpg 1024w, https:\/\/dalstroka-innafor.net\/wp-content\/uploads\/2022\/07\/bilete0023-300x144.jpg 300w, https:\/\/dalstroka-innafor.net\/wp-content\/uploads\/2022\/07\/bilete0023-768x370.jpg 768w, https:\/\/dalstroka-innafor.net\/wp-content\/uploads\/2022\/07\/bilete0023-1536x740.jpg 1536w, https:\/\/dalstroka-innafor.net\/wp-content\/uploads\/2022\/07\/bilete0023-2048x986.jpg 2048w\" sizes=\"auto, (max-width: 1024px) 100vw, 1024px\" \/><\/a><\/figure>\n\n\n\n<p>S\u00e5 tek oldefarr oss, og f\u00f8lgjet sitt med vidare forbi (vil eg tru) Josephsbu. I alle fall all den tid Hageland meiner at dette bilete er fr\u00e5 <a href=\"https:\/\/norgeskart.no\/#!?project=norgeskart&amp;layers=1002&amp;zoom=12&amp;lat=6553463.40&amp;lon=48507.79&amp;markerLat=6553463.4045269005&amp;markerLon=48507.79379860871&amp;p=searchOptionsPanel&amp;sok=Vardehei,Byg\">Vardehei<\/a>.<\/p>\n\n\n\n<figure class=\"wp-block-image size-large\"><a href=\"https:\/\/dalstroka-innafor.net\/wp-content\/uploads\/2022\/07\/bilete0024-scaled.jpg\"><img loading=\"lazy\" decoding=\"async\" width=\"1024\" height=\"637\" src=\"https:\/\/dalstroka-innafor.net\/wp-content\/uploads\/2022\/07\/bilete0024-1024x637.jpg\" alt=\"Vardeih\" class=\"wp-image-2860\" srcset=\"https:\/\/dalstroka-innafor.net\/wp-content\/uploads\/2022\/07\/bilete0024-1024x637.jpg 1024w, https:\/\/dalstroka-innafor.net\/wp-content\/uploads\/2022\/07\/bilete0024-300x186.jpg 300w, https:\/\/dalstroka-innafor.net\/wp-content\/uploads\/2022\/07\/bilete0024-768x477.jpg 768w, https:\/\/dalstroka-innafor.net\/wp-content\/uploads\/2022\/07\/bilete0024-1536x955.jpg 1536w, https:\/\/dalstroka-innafor.net\/wp-content\/uploads\/2022\/07\/bilete0024-2048x1273.jpg 2048w\" sizes=\"auto, (max-width: 1024px) 100vw, 1024px\" \/><\/a><\/figure>\n\n\n\n<p>Til sist kan gode Hageland informera om at bileta med to etasjar og fjos <a href=\"https:\/\/norgeskart.no\/#!?project=norgeskart&amp;layers=1002&amp;zoom=15&amp;lat=6550490.55&amp;lon=59418.90&amp;markerLat=6550490.551815488&amp;markerLon=59418.89830953366&amp;p=searchOptionsPanel&amp;sok=Pytten,%20By\">m\u00e5 vera ved Pytten i Bygland kommune<\/a>.<\/p>\n\n\n\n<figure class=\"wp-block-image size-large\"><a href=\"https:\/\/dalstroka-innafor.net\/wp-content\/uploads\/2022\/07\/bilete0027-scaled.jpg\"><img loading=\"lazy\" decoding=\"async\" width=\"1024\" height=\"625\" src=\"https:\/\/dalstroka-innafor.net\/wp-content\/uploads\/2022\/07\/bilete0027-1024x625.jpg\" alt=\"Pytten\" class=\"wp-image-2863\" srcset=\"https:\/\/dalstroka-innafor.net\/wp-content\/uploads\/2022\/07\/bilete0027-1024x625.jpg 1024w, https:\/\/dalstroka-innafor.net\/wp-content\/uploads\/2022\/07\/bilete0027-300x183.jpg 300w, https:\/\/dalstroka-innafor.net\/wp-content\/uploads\/2022\/07\/bilete0027-768x468.jpg 768w, https:\/\/dalstroka-innafor.net\/wp-content\/uploads\/2022\/07\/bilete0027-1536x937.jpg 1536w, https:\/\/dalstroka-innafor.net\/wp-content\/uploads\/2022\/07\/bilete0027-2048x1249.jpg 2048w\" sizes=\"auto, (max-width: 1024px) 100vw, 1024px\" \/><\/a><\/figure>\n\n\n\n<figure class=\"wp-block-image size-large\"><a href=\"https:\/\/dalstroka-innafor.net\/wp-content\/uploads\/2022\/07\/bilete0026-scaled.jpg\"><img loading=\"lazy\" decoding=\"async\" width=\"1024\" height=\"627\" src=\"https:\/\/dalstroka-innafor.net\/wp-content\/uploads\/2022\/07\/bilete0026-1024x627.jpg\" alt=\"Pytten\" class=\"wp-image-2862\" srcset=\"https:\/\/dalstroka-innafor.net\/wp-content\/uploads\/2022\/07\/bilete0026-1024x627.jpg 1024w, https:\/\/dalstroka-innafor.net\/wp-content\/uploads\/2022\/07\/bilete0026-300x184.jpg 300w, https:\/\/dalstroka-innafor.net\/wp-content\/uploads\/2022\/07\/bilete0026-768x470.jpg 768w, https:\/\/dalstroka-innafor.net\/wp-content\/uploads\/2022\/07\/bilete0026-1536x941.jpg 1536w, https:\/\/dalstroka-innafor.net\/wp-content\/uploads\/2022\/07\/bilete0026-2048x1254.jpg 2048w\" sizes=\"auto, (max-width: 1024px) 100vw, 1024px\" \/><\/a><\/figure>\n\n\n\n<p>Hjarteleg tusen takk til fagekspertisen ved Vestagdermuseet, og ikkje minst Tormod Hageland som kunne hjelpa med dette.<\/p>\n\n\n\n<p>S\u00e5 d\u00e5 gjenst\u00e5r det berre \u00e5 finna ut kven denne ekspedisjonsleiaren kan vera. Kva skulle dei til Pytten for mon tru?<\/p>\n\n\n\n<figure class=\"wp-block-image size-large is-resized\"><a href=\"https:\/\/dalstroka-innafor.net\/wp-content\/uploads\/2022\/07\/bilete0019-scaled.jpg\"><img decoding=\"async\" src=\"https:\/\/dalstroka-innafor.net\/wp-content\/uploads\/2022\/07\/bilete0019-351x1024.jpg\" alt=\"\" class=\"wp-image-2855\" height=\"959\" srcset=\"https:\/\/dalstroka-innafor.net\/wp-content\/uploads\/2022\/07\/bilete0019-351x1024.jpg 351w, https:\/\/dalstroka-innafor.net\/wp-content\/uploads\/2022\/07\/bilete0019-103x300.jpg 103w, https:\/\/dalstroka-innafor.net\/wp-content\/uploads\/2022\/07\/bilete0019-768x2238.jpg 768w, https:\/\/dalstroka-innafor.net\/wp-content\/uploads\/2022\/07\/bilete0019-527x1536.jpg 527w, https:\/\/dalstroka-innafor.net\/wp-content\/uploads\/2022\/07\/bilete0019-703x2048.jpg 703w, https:\/\/dalstroka-innafor.net\/wp-content\/uploads\/2022\/07\/bilete0019-scaled.jpg 878w\" sizes=\"(max-width: 351px) 100vw, 351px\" \/><\/a><\/figure>\n\n\n\n<p>Det skulle vel d\u00e5 aldri vera keisar Wilhelm 2 p\u00e5 snartur i Sirdalsheine? Han ville i alle fall ikkje ha vore siste tyskar p\u00e5 tur&#8230;<\/p>\n\n\n\n<figure class=\"wp-block-image size-large\"><img decoding=\"async\" src=\"https:\/\/graenseforeningen.dk\/sites\/graenseforeningen.dk\/files\/styles\/article_width_680\/public\/albums\/tyske_personer\/Kejser_Wilhelm_2.jpg?itok=htP_RJId\" alt=\"\"\/><\/figure>\n\n\n\n<p>Ei <a href=\"https:\/\/www.nb.no\/items\/2fc0924fddeaf0030d34514352b53e55?page=25&amp;searchText=Reisehaandbog\">reiseskildring fr\u00e5 Sirdal kan ogs\u00e5 lesast p\u00e5 Nasjonalbiblioteket sine nettsider<\/a>.<\/p>\n","protected":false},"excerpt":{"rendered":"<p>I juli la eg ut eit fotoalbum eg har digitalisert. Det mangla litt informasjon om personar og stader. I samband med dette, sendte eg e-post til dei n\u00e6raste musea i omr\u00e5det. Eg fekk napp fr\u00e5 Vest-Agder-museet(?). E-posten var vidareformidla til Torfinn Norman Hageland, forfattar av mellom anna &laquo;Hellerboka&laquo;. Han var enig med meg at fyrste [&hellip;]<\/p>\n","protected":false},"author":1,"featured_media":0,"comment_status":"open","ping_status":"closed","sticky":false,"template":"","format":"standard","meta":{"footnotes":"","_share_on_mastodon":"0"},"categories":[9,12],"tags":[960,227,958,959,896],"class_list":["post-2869","post","type-post","status-publish","format-standard","hentry","category-personleg","category-sirdal","tag-bygland","tag-fotografi","tag-kvinen","tag-pytten","tag-sirdal"],"share_on_mastodon":{"url":"","error":""},"_links":{"self":[{"href":"https:\/\/dalstroka-innafor.net\/index.php?rest_route=\/wp\/v2\/posts\/2869","targetHints":{"allow":["GET"]}}],"collection":[{"href":"https:\/\/dalstroka-innafor.net\/index.php?rest_route=\/wp\/v2\/posts"}],"about":[{"href":"https:\/\/dalstroka-innafor.net\/index.php?rest_route=\/wp\/v2\/types\/post"}],"author":[{"embeddable":true,"href":"https:\/\/dalstroka-innafor.net\/index.php?rest_route=\/wp\/v2\/users\/1"}],"replies":[{"embeddable":true,"href":"https:\/\/dalstroka-innafor.net\/index.php?rest_route=%2Fwp%2Fv2%2Fcomments&post=2869"}],"version-history":[{"count":3,"href":"https:\/\/dalstroka-innafor.net\/index.php?rest_route=\/wp\/v2\/posts\/2869\/revisions"}],"predecessor-version":[{"id":2874,"href":"https:\/\/dalstroka-innafor.net\/index.php?rest_route=\/wp\/v2\/posts\/2869\/revisions\/2874"}],"wp:attachment":[{"href":"https:\/\/dalstroka-innafor.net\/index.php?rest_route=%2Fwp%2Fv2%2Fmedia&parent=2869"}],"wp:term":[{"taxonomy":"category","embeddable":true,"href":"https:\/\/dalstroka-innafor.net\/index.php?rest_route=%2Fwp%2Fv2%2Fcategories&post=2869"},{"taxonomy":"post_tag","embeddable":true,"href":"https:\/\/dalstroka-innafor.net\/index.php?rest_route=%2Fwp%2Fv2%2Ftags&post=2869"}],"curies":[{"name":"wp","href":"https:\/\/api.w.org\/{rel}","templated":true}]}}