{"id":2854,"date":"2022-07-25T10:32:26","date_gmt":"2022-07-25T09:32:26","guid":{"rendered":"http:\/\/dalstroka-innafor.net\/?p=2854"},"modified":"2022-07-25T10:49:19","modified_gmt":"2022-07-25T09:49:19","slug":"fotoalbum-101-ar","status":"publish","type":"post","link":"https:\/\/dalstroka-innafor.net\/?p=2854","title":{"rendered":"Fotoalbum &#8211; 101 \u00e5r"},"content":{"rendered":"\n<p>Dette fotoalbumet er etter min oldefar, Ingebrigt Tj\u00f8rhom. Han var oppassar p\u00e5 H\u00e5hedlar i mange \u00e5r, og eg kan ikkje sj\u00e5 anna grunn enn at det er nettopp difor han har vore med p\u00e5 denne turen.<\/p>\n\n\n\n<p>Det store sp\u00f8rsm\u00e5let er jo kven han har f\u00e5tt albumet av. Kven er den staselege karen med skjegg, som kan kosta p\u00e5 seg ein heietur med famelien i 1921? Kven er karen som tek med fotoapparat, i 1921(!), og dokumenterer turen?<\/p>\n\n\n\n<p>Eg har ein teori om at f\u00f8lgjet har kome til Sirdal via Sirdalsvatnet, fare oppover via Dorgefoss, og s\u00e5 via H\u00e5hedlar til heia over mot Setesdal. Men om dei har vore heilt til Setesdal, eller om ein har returnert til Sirdal er ikkje godt \u00e5 veta.<\/p>\n\n\n\n<p>Legg gjerne att ein kommentar om du har kjennskap til nokre av personane eller stadane p\u00e5 bileta.<\/p>\n\n\n\n<figure class=\"wp-block-image size-large\"><a href=\"https:\/\/dalstroka-innafor.net\/wp-content\/uploads\/2022\/07\/bilete0019-scaled.jpg\"><img loading=\"lazy\" decoding=\"async\" width=\"351\" height=\"1024\" src=\"https:\/\/dalstroka-innafor.net\/wp-content\/uploads\/2022\/07\/bilete0019-351x1024.jpg\" alt=\"Helsing fr\u00e5 initiativtakar til turen.\" class=\"wp-image-2855\" srcset=\"https:\/\/dalstroka-innafor.net\/wp-content\/uploads\/2022\/07\/bilete0019-351x1024.jpg 351w, https:\/\/dalstroka-innafor.net\/wp-content\/uploads\/2022\/07\/bilete0019-103x300.jpg 103w, https:\/\/dalstroka-innafor.net\/wp-content\/uploads\/2022\/07\/bilete0019-768x2238.jpg 768w, https:\/\/dalstroka-innafor.net\/wp-content\/uploads\/2022\/07\/bilete0019-527x1536.jpg 527w, https:\/\/dalstroka-innafor.net\/wp-content\/uploads\/2022\/07\/bilete0019-703x2048.jpg 703w, https:\/\/dalstroka-innafor.net\/wp-content\/uploads\/2022\/07\/bilete0019-scaled.jpg 878w\" sizes=\"auto, (max-width: 351px) 100vw, 351px\" \/><\/a><figcaption>Albumet er til min oldefar, men kven mannen p\u00e5 biletet er, det er ukjend.<\/figcaption><\/figure>\n\n\n\n<figure class=\"wp-block-image size-large\"><a href=\"https:\/\/dalstroka-innafor.net\/wp-content\/uploads\/2022\/07\/bilete0020-scaled.jpg\"><img loading=\"lazy\" decoding=\"async\" width=\"1024\" height=\"671\" src=\"https:\/\/dalstroka-innafor.net\/wp-content\/uploads\/2022\/07\/bilete0020-1024x671.jpg\" alt=\"Sirdalsvatnet?\" class=\"wp-image-2856\" srcset=\"https:\/\/dalstroka-innafor.net\/wp-content\/uploads\/2022\/07\/bilete0020-1024x671.jpg 1024w, https:\/\/dalstroka-innafor.net\/wp-content\/uploads\/2022\/07\/bilete0020-300x197.jpg 300w, https:\/\/dalstroka-innafor.net\/wp-content\/uploads\/2022\/07\/bilete0020-768x503.jpg 768w, https:\/\/dalstroka-innafor.net\/wp-content\/uploads\/2022\/07\/bilete0020-1536x1006.jpg 1536w, https:\/\/dalstroka-innafor.net\/wp-content\/uploads\/2022\/07\/bilete0020-2048x1342.jpg 2048w\" sizes=\"auto, (max-width: 1024px) 100vw, 1024px\" \/><\/a><figcaption>Kan dette vera nordover i Sirdalsvatnet? Markant fjellmasiv til h\u00f8gre p\u00e5 biletet&#8230;.<\/figcaption><\/figure>\n\n\n\n<figure class=\"wp-block-image size-large\"><a href=\"https:\/\/dalstroka-innafor.net\/wp-content\/uploads\/2022\/07\/bilete0021-scaled.jpg\"><img loading=\"lazy\" decoding=\"async\" width=\"1024\" height=\"613\" src=\"https:\/\/dalstroka-innafor.net\/wp-content\/uploads\/2022\/07\/bilete0021-1024x613.jpg\" alt=\"Dorgebrue.\" class=\"wp-image-2857\" srcset=\"https:\/\/dalstroka-innafor.net\/wp-content\/uploads\/2022\/07\/bilete0021-1024x613.jpg 1024w, https:\/\/dalstroka-innafor.net\/wp-content\/uploads\/2022\/07\/bilete0021-300x180.jpg 300w, https:\/\/dalstroka-innafor.net\/wp-content\/uploads\/2022\/07\/bilete0021-768x460.jpg 768w, https:\/\/dalstroka-innafor.net\/wp-content\/uploads\/2022\/07\/bilete0021-1536x920.jpg 1536w, https:\/\/dalstroka-innafor.net\/wp-content\/uploads\/2022\/07\/bilete0021-2048x1227.jpg 2048w\" sizes=\"auto, (max-width: 1024px) 100vw, 1024px\" \/><\/a><figcaption>Dette motivet er n\u00e6rbilete fr\u00e5 Dorgefoss.<\/figcaption><\/figure>\n\n\n\n<figure class=\"wp-block-image size-large\"><a href=\"https:\/\/dalstroka-innafor.net\/wp-content\/uploads\/2022\/07\/bilete0022-scaled.jpg\"><img loading=\"lazy\" decoding=\"async\" width=\"622\" height=\"1024\" src=\"https:\/\/dalstroka-innafor.net\/wp-content\/uploads\/2022\/07\/bilete0022-622x1024.jpg\" alt=\"Dogefoss.\" class=\"wp-image-2858\" srcset=\"https:\/\/dalstroka-innafor.net\/wp-content\/uploads\/2022\/07\/bilete0022-622x1024.jpg 622w, https:\/\/dalstroka-innafor.net\/wp-content\/uploads\/2022\/07\/bilete0022-182x300.jpg 182w, https:\/\/dalstroka-innafor.net\/wp-content\/uploads\/2022\/07\/bilete0022-768x1264.jpg 768w, https:\/\/dalstroka-innafor.net\/wp-content\/uploads\/2022\/07\/bilete0022-933x1536.jpg 933w, https:\/\/dalstroka-innafor.net\/wp-content\/uploads\/2022\/07\/bilete0022-1244x2048.jpg 1244w, https:\/\/dalstroka-innafor.net\/wp-content\/uploads\/2022\/07\/bilete0022-scaled.jpg 1555w\" sizes=\"auto, (max-width: 622px) 100vw, 622px\" \/><\/a><figcaption>Her ser ein Dorgefoss i full mundur.<\/figcaption><\/figure>\n\n\n\n<figure class=\"wp-block-image size-large\"><a href=\"https:\/\/dalstroka-innafor.net\/wp-content\/uploads\/2022\/07\/bilete0023-scaled.jpg\"><img loading=\"lazy\" decoding=\"async\" width=\"1024\" height=\"493\" src=\"https:\/\/dalstroka-innafor.net\/wp-content\/uploads\/2022\/07\/bilete0023-1024x493.jpg\" alt=\"Kan dette vera eit motiv i fr\u00e5 H\u00e5hedlar?\" class=\"wp-image-2859\" srcset=\"https:\/\/dalstroka-innafor.net\/wp-content\/uploads\/2022\/07\/bilete0023-1024x493.jpg 1024w, https:\/\/dalstroka-innafor.net\/wp-content\/uploads\/2022\/07\/bilete0023-300x144.jpg 300w, https:\/\/dalstroka-innafor.net\/wp-content\/uploads\/2022\/07\/bilete0023-768x370.jpg 768w, https:\/\/dalstroka-innafor.net\/wp-content\/uploads\/2022\/07\/bilete0023-1536x740.jpg 1536w, https:\/\/dalstroka-innafor.net\/wp-content\/uploads\/2022\/07\/bilete0023-2048x986.jpg 2048w\" sizes=\"auto, (max-width: 1024px) 100vw, 1024px\" \/><\/a><figcaption>Er det mogleg at dette biletet er i fr\u00e5 H\u00e5hedlar?<\/figcaption><\/figure>\n\n\n\n<figure class=\"wp-block-image size-large\"><a href=\"https:\/\/dalstroka-innafor.net\/wp-content\/uploads\/2022\/07\/bilete0024-scaled.jpg\"><img loading=\"lazy\" decoding=\"async\" width=\"1024\" height=\"637\" src=\"https:\/\/dalstroka-innafor.net\/wp-content\/uploads\/2022\/07\/bilete0024-1024x637.jpg\" alt=\"Ingebrigt nr. 3 fr\u00e5 venstre.\" class=\"wp-image-2860\" srcset=\"https:\/\/dalstroka-innafor.net\/wp-content\/uploads\/2022\/07\/bilete0024-1024x637.jpg 1024w, https:\/\/dalstroka-innafor.net\/wp-content\/uploads\/2022\/07\/bilete0024-300x186.jpg 300w, https:\/\/dalstroka-innafor.net\/wp-content\/uploads\/2022\/07\/bilete0024-768x477.jpg 768w, https:\/\/dalstroka-innafor.net\/wp-content\/uploads\/2022\/07\/bilete0024-1536x955.jpg 1536w, https:\/\/dalstroka-innafor.net\/wp-content\/uploads\/2022\/07\/bilete0024-2048x1273.jpg 2048w\" sizes=\"auto, (max-width: 1024px) 100vw, 1024px\" \/><\/a><\/figure>\n\n\n\n<figure class=\"wp-block-image size-large\"><a href=\"https:\/\/dalstroka-innafor.net\/wp-content\/uploads\/2022\/07\/bilete0025-scaled.jpg\"><img loading=\"lazy\" decoding=\"async\" width=\"1024\" height=\"619\" src=\"https:\/\/dalstroka-innafor.net\/wp-content\/uploads\/2022\/07\/bilete0025-1024x619.jpg\" alt=\"Ingebrigt er nr. 4 fr\u00e5 venstre.\" class=\"wp-image-2861\" srcset=\"https:\/\/dalstroka-innafor.net\/wp-content\/uploads\/2022\/07\/bilete0025-1024x619.jpg 1024w, https:\/\/dalstroka-innafor.net\/wp-content\/uploads\/2022\/07\/bilete0025-300x181.jpg 300w, https:\/\/dalstroka-innafor.net\/wp-content\/uploads\/2022\/07\/bilete0025-768x464.jpg 768w, https:\/\/dalstroka-innafor.net\/wp-content\/uploads\/2022\/07\/bilete0025-1536x929.jpg 1536w, https:\/\/dalstroka-innafor.net\/wp-content\/uploads\/2022\/07\/bilete0025-2048x1238.jpg 2048w\" sizes=\"auto, (max-width: 1024px) 100vw, 1024px\" \/><\/a><figcaption>Stor glede \u00e5 spora i dette biletet. Kan ein ha kome til toppen?<\/figcaption><\/figure>\n\n\n\n<figure class=\"wp-block-image size-large\"><a href=\"https:\/\/dalstroka-innafor.net\/wp-content\/uploads\/2022\/07\/bilete0026-scaled.jpg\"><img loading=\"lazy\" decoding=\"async\" width=\"1024\" height=\"627\" src=\"https:\/\/dalstroka-innafor.net\/wp-content\/uploads\/2022\/07\/bilete0026-1024x627.jpg\" alt=\"Ingebrigt leiar hest og held ein gut i handa.\" class=\"wp-image-2862\" srcset=\"https:\/\/dalstroka-innafor.net\/wp-content\/uploads\/2022\/07\/bilete0026-1024x627.jpg 1024w, https:\/\/dalstroka-innafor.net\/wp-content\/uploads\/2022\/07\/bilete0026-300x184.jpg 300w, https:\/\/dalstroka-innafor.net\/wp-content\/uploads\/2022\/07\/bilete0026-768x470.jpg 768w, https:\/\/dalstroka-innafor.net\/wp-content\/uploads\/2022\/07\/bilete0026-1536x941.jpg 1536w, https:\/\/dalstroka-innafor.net\/wp-content\/uploads\/2022\/07\/bilete0026-2048x1254.jpg 2048w\" sizes=\"auto, (max-width: 1024px) 100vw, 1024px\" \/><\/a><figcaption>S\u00e5 sp\u00f8rs det om ein har bikka over til Setesdal og er i Brokke her, eller om ein har vandra attende til Sirdal&#8230;<\/figcaption><\/figure>\n\n\n\n<figure class=\"wp-block-image size-large\"><a href=\"https:\/\/dalstroka-innafor.net\/wp-content\/uploads\/2022\/07\/bilete0027-scaled.jpg\"><img loading=\"lazy\" decoding=\"async\" width=\"1024\" height=\"625\" src=\"https:\/\/dalstroka-innafor.net\/wp-content\/uploads\/2022\/07\/bilete0027-1024x625.jpg\" alt=\"F\u00f8lgjet ser ut til \u00e5 gjera seg klar til avgang fr\u00e5 garden dei stoppa ved.\" class=\"wp-image-2863\" srcset=\"https:\/\/dalstroka-innafor.net\/wp-content\/uploads\/2022\/07\/bilete0027-1024x625.jpg 1024w, https:\/\/dalstroka-innafor.net\/wp-content\/uploads\/2022\/07\/bilete0027-300x183.jpg 300w, https:\/\/dalstroka-innafor.net\/wp-content\/uploads\/2022\/07\/bilete0027-768x468.jpg 768w, https:\/\/dalstroka-innafor.net\/wp-content\/uploads\/2022\/07\/bilete0027-1536x937.jpg 1536w, https:\/\/dalstroka-innafor.net\/wp-content\/uploads\/2022\/07\/bilete0027-2048x1249.jpg 2048w\" sizes=\"auto, (max-width: 1024px) 100vw, 1024px\" \/><\/a><figcaption>F\u00f8lgjet ser ut til \u00e5 gjera seg klar til avgang fr\u00e5 garden dei stoppa ved.<\/figcaption><\/figure>\n\n\n\n<figure class=\"wp-block-image size-large\"><a href=\"https:\/\/dalstroka-innafor.net\/wp-content\/uploads\/2022\/07\/bilete0028-scaled.jpg\"><img loading=\"lazy\" decoding=\"async\" width=\"1024\" height=\"604\" src=\"https:\/\/dalstroka-innafor.net\/wp-content\/uploads\/2022\/07\/bilete0028-1024x604.jpg\" alt=\"F\u00f8lgjet g\u00e5r p\u00e5 ein veg.\" class=\"wp-image-2864\" srcset=\"https:\/\/dalstroka-innafor.net\/wp-content\/uploads\/2022\/07\/bilete0028-1024x604.jpg 1024w, https:\/\/dalstroka-innafor.net\/wp-content\/uploads\/2022\/07\/bilete0028-300x177.jpg 300w, https:\/\/dalstroka-innafor.net\/wp-content\/uploads\/2022\/07\/bilete0028-768x453.jpg 768w, https:\/\/dalstroka-innafor.net\/wp-content\/uploads\/2022\/07\/bilete0028-1536x906.jpg 1536w, https:\/\/dalstroka-innafor.net\/wp-content\/uploads\/2022\/07\/bilete0028-2048x1207.jpg 2048w\" sizes=\"auto, (max-width: 1024px) 100vw, 1024px\" \/><\/a><figcaption>Er dette ein veg i Setesdal, eller er det fr\u00e5 dalf\u00f8ret ned mot Tonstad?<\/figcaption><\/figure>\n\n\n\n<figure class=\"wp-block-image size-large\"><a href=\"https:\/\/dalstroka-innafor.net\/wp-content\/uploads\/2022\/07\/bilete0029-scaled.jpg\"><img loading=\"lazy\" decoding=\"async\" width=\"1024\" height=\"604\" src=\"https:\/\/dalstroka-innafor.net\/wp-content\/uploads\/2022\/07\/bilete0029-1024x604.jpg\" alt=\"F\u00f8lgjet tek seg ein rast i bakken.\" class=\"wp-image-2865\" srcset=\"https:\/\/dalstroka-innafor.net\/wp-content\/uploads\/2022\/07\/bilete0029-1024x604.jpg 1024w, https:\/\/dalstroka-innafor.net\/wp-content\/uploads\/2022\/07\/bilete0029-300x177.jpg 300w, https:\/\/dalstroka-innafor.net\/wp-content\/uploads\/2022\/07\/bilete0029-768x453.jpg 768w, https:\/\/dalstroka-innafor.net\/wp-content\/uploads\/2022\/07\/bilete0029-1536x906.jpg 1536w, https:\/\/dalstroka-innafor.net\/wp-content\/uploads\/2022\/07\/bilete0029-2048x1209.jpg 2048w\" sizes=\"auto, (max-width: 1024px) 100vw, 1024px\" \/><\/a><figcaption>Rast i bakken.<\/figcaption><\/figure>\n","protected":false},"excerpt":{"rendered":"<p>Dette fotoalbumet er etter min oldefar, Ingebrigt Tj\u00f8rhom. Han var oppassar p\u00e5 H\u00e5hedlar i mange \u00e5r, og eg kan ikkje sj\u00e5 anna grunn enn at det er nettopp difor han har vore med p\u00e5 denne turen. Det store sp\u00f8rsm\u00e5let er jo kven han har f\u00e5tt albumet av. Kven er den staselege karen med skjegg, som [&hellip;]<\/p>\n","protected":false},"author":1,"featured_media":0,"comment_status":"open","ping_status":"closed","sticky":false,"template":"","format":"standard","meta":{"footnotes":"","_share_on_mastodon":"0"},"categories":[12],"tags":[955,954,956],"class_list":["post-2854","post","type-post","status-publish","format-standard","hentry","category-sirdal","tag-955","tag-fotoalbum","tag-ingebrigt"],"share_on_mastodon":{"url":"","error":""},"_links":{"self":[{"href":"https:\/\/dalstroka-innafor.net\/index.php?rest_route=\/wp\/v2\/posts\/2854","targetHints":{"allow":["GET"]}}],"collection":[{"href":"https:\/\/dalstroka-innafor.net\/index.php?rest_route=\/wp\/v2\/posts"}],"about":[{"href":"https:\/\/dalstroka-innafor.net\/index.php?rest_route=\/wp\/v2\/types\/post"}],"author":[{"embeddable":true,"href":"https:\/\/dalstroka-innafor.net\/index.php?rest_route=\/wp\/v2\/users\/1"}],"replies":[{"embeddable":true,"href":"https:\/\/dalstroka-innafor.net\/index.php?rest_route=%2Fwp%2Fv2%2Fcomments&post=2854"}],"version-history":[{"count":2,"href":"https:\/\/dalstroka-innafor.net\/index.php?rest_route=\/wp\/v2\/posts\/2854\/revisions"}],"predecessor-version":[{"id":2867,"href":"https:\/\/dalstroka-innafor.net\/index.php?rest_route=\/wp\/v2\/posts\/2854\/revisions\/2867"}],"wp:attachment":[{"href":"https:\/\/dalstroka-innafor.net\/index.php?rest_route=%2Fwp%2Fv2%2Fmedia&parent=2854"}],"wp:term":[{"taxonomy":"category","embeddable":true,"href":"https:\/\/dalstroka-innafor.net\/index.php?rest_route=%2Fwp%2Fv2%2Fcategories&post=2854"},{"taxonomy":"post_tag","embeddable":true,"href":"https:\/\/dalstroka-innafor.net\/index.php?rest_route=%2Fwp%2Fv2%2Ftags&post=2854"}],"curies":[{"name":"wp","href":"https:\/\/api.w.org\/{rel}","templated":true}]}}