{"id":2851,"date":"2022-03-28T20:23:02","date_gmt":"2022-03-28T19:23:02","guid":{"rendered":"http:\/\/dalstroka-innafor.net\/?p=2851"},"modified":"2022-03-28T20:23:03","modified_gmt":"2022-03-28T19:23:03","slug":"i-vesterveg","status":"publish","type":"post","link":"https:\/\/dalstroka-innafor.net\/?p=2851","title":{"rendered":"I vesterveg"},"content":{"rendered":"\n<p><a href=\"https:\/\/www.aftenbladet.no\/lokalt\/i\/pWk8Wj\/fylkesdirektoeren-vil-ikke-slippe-lysebotn-til-agder\">Aftenbladet har teke tak i saka om at Lysebotnen ikkje ynskjer \u00e5 bli del av Strand kommune, men i staden, truleg mest p\u00e5 sleiv, ynskjer \u00e5 bli del av Sirdal.<\/a><\/p>\n\n\n\n<p>I samband med det, kan det jo vera interessant \u00e5 ta eit historisk tilbakeblikk p\u00e5 kvar \u00f8vre Sirdal kom i fr\u00e5. Kva kant av landet dei forheldt seg til, som heilt sj\u00f8lvsagt?<\/p>\n\n\n\n<p>Et gamalt klipp fr\u00e5 NRK tek oss me attende&#8230;<\/p>\n\n\n\n<figure class=\"wp-block-audio\"><audio controls src=\"https:\/\/dalstroka-innafor.net\/wp-content\/uploads\/2022\/03\/Jorgen-S.-Tjorhom-og-Lars-T.-Suleskar-NRK-for-50-ar-siden.mp3\"><\/audio><\/figure>\n\n\n\n<p>Sj\u00f8lv om me totalt ignorerer den tydeleg Rogalandsinspirerte dialekten, s\u00e5 er det i mitt hovud, ein heilt naturleg tanke, at Lysebotnen, som eg jo ogs\u00e5 har hatt slekt i, saman med \u00f8vre Sirdal, <em>takkar for seg og dreg i vesterveg til Gjesdal<\/em>. Som EIN kommune.<\/p>\n\n\n\n<p>Omsider kan gjerne Dirdal bli den metropolen den vart lova \u00e5 vera, d\u00e5 oljeutbygginga fann stad. Kva med, tja, eit kraftvitensenter der? Med sj\u00f8tilgang for \u00e5 ta i mot tilreisande turistar? Rundtur innover dalstroka innafor, og ned att til Lysebotnen, der skipet m\u00f8ter dei att? Sj\u00f8lvsagt med moglegheit for \u00e5 hurtiglada batteria med kortreist landstraum.<\/p>\n\n\n\n<p><\/p>\n","protected":false},"excerpt":{"rendered":"<p>Aftenbladet har teke tak i saka om at Lysebotnen ikkje ynskjer \u00e5 bli del av Strand kommune, men i staden, truleg mest p\u00e5 sleiv, ynskjer \u00e5 bli del av Sirdal. I samband med det, kan det jo vera interessant \u00e5 ta eit historisk tilbakeblikk p\u00e5 kvar \u00f8vre Sirdal kom i fr\u00e5. Kva kant av landet [&hellip;]<\/p>\n","protected":false},"author":1,"featured_media":0,"comment_status":"open","ping_status":"open","sticky":false,"template":"","format":"standard","meta":{"footnotes":"","_share_on_mastodon":"0"},"categories":[12],"tags":[953,459,896],"class_list":["post-2851","post","type-post","status-publish","format-standard","hentry","category-sirdal","tag-gjesdal","tag-lysebotnen","tag-sirdal"],"share_on_mastodon":{"url":"","error":""},"_links":{"self":[{"href":"https:\/\/dalstroka-innafor.net\/index.php?rest_route=\/wp\/v2\/posts\/2851","targetHints":{"allow":["GET"]}}],"collection":[{"href":"https:\/\/dalstroka-innafor.net\/index.php?rest_route=\/wp\/v2\/posts"}],"about":[{"href":"https:\/\/dalstroka-innafor.net\/index.php?rest_route=\/wp\/v2\/types\/post"}],"author":[{"embeddable":true,"href":"https:\/\/dalstroka-innafor.net\/index.php?rest_route=\/wp\/v2\/users\/1"}],"replies":[{"embeddable":true,"href":"https:\/\/dalstroka-innafor.net\/index.php?rest_route=%2Fwp%2Fv2%2Fcomments&post=2851"}],"version-history":[{"count":1,"href":"https:\/\/dalstroka-innafor.net\/index.php?rest_route=\/wp\/v2\/posts\/2851\/revisions"}],"predecessor-version":[{"id":2853,"href":"https:\/\/dalstroka-innafor.net\/index.php?rest_route=\/wp\/v2\/posts\/2851\/revisions\/2853"}],"wp:attachment":[{"href":"https:\/\/dalstroka-innafor.net\/index.php?rest_route=%2Fwp%2Fv2%2Fmedia&parent=2851"}],"wp:term":[{"taxonomy":"category","embeddable":true,"href":"https:\/\/dalstroka-innafor.net\/index.php?rest_route=%2Fwp%2Fv2%2Fcategories&post=2851"},{"taxonomy":"post_tag","embeddable":true,"href":"https:\/\/dalstroka-innafor.net\/index.php?rest_route=%2Fwp%2Fv2%2Ftags&post=2851"}],"curies":[{"name":"wp","href":"https:\/\/api.w.org\/{rel}","templated":true}]}}