{"id":2845,"date":"2022-02-27T20:39:25","date_gmt":"2022-02-27T19:39:25","guid":{"rendered":"http:\/\/dalstroka-innafor.net\/?p=2845"},"modified":"2022-02-27T20:39:26","modified_gmt":"2022-02-27T19:39:26","slug":"vinterferie-2022","status":"publish","type":"post","link":"https:\/\/dalstroka-innafor.net\/?p=2845","title":{"rendered":"Vinterferie 2022"},"content":{"rendered":"\n<p>Februar. Bursdag er over, og lysare tider kan merkast p\u00e5 kroppen. N\u00e5r sola vel \u00e5 stikke nasen sin fram etter lang tids fr\u00e5ver, kan ein kjenne str\u00e5linga i huden som reine energiboostar.<\/p>\n\n\n\n<p>Ein dag til, s\u00e5 bikkar me over i v\u00e5ren. P\u00e5 papiret i det minste. D\u00e5 er det vel lov \u00e5 sj\u00e5 litt framover. Glede seg. Til det varme. For med gode to m\u00e5nadar til med sn\u00f8, s\u00e5 veit ein jo at ein kjem til eit metningspunkt f\u00f8r eller seinare.<\/p>\n\n\n\n<p>P\u00e5 dagar som i dag, er det berre \u00e5 nyte i fulle drag.<\/p>\n\n\n\n<figure class=\"wp-block-embed is-type-video is-provider-youtube wp-block-embed-youtube wp-embed-aspect-16-9 wp-has-aspect-ratio\"><div class=\"wp-block-embed__wrapper\">\n<iframe loading=\"lazy\" title=\"2022   Vinterferie\" width=\"1170\" height=\"658\" src=\"https:\/\/www.youtube.com\/embed\/vlVcasEhWls?feature=oembed\" frameborder=\"0\" allow=\"accelerometer; autoplay; clipboard-write; encrypted-media; gyroscope; picture-in-picture\" allowfullscreen><\/iframe>\n<\/div><\/figure>\n","protected":false},"excerpt":{"rendered":"<p>Februar. Bursdag er over, og lysare tider kan merkast p\u00e5 kroppen. N\u00e5r sola vel \u00e5 stikke nasen sin fram etter lang tids fr\u00e5ver, kan ein kjenne str\u00e5linga i huden som reine energiboostar. Ein dag til, s\u00e5 bikkar me over i v\u00e5ren. P\u00e5 papiret i det minste. D\u00e5 er det vel lov \u00e5 sj\u00e5 litt framover. [&hellip;]<\/p>\n","protected":false},"author":1,"featured_media":0,"comment_status":"open","ping_status":"open","sticky":false,"template":"","format":"standard","meta":{"footnotes":"","_share_on_mastodon":"0"},"categories":[9],"tags":[946,949,924,948,836],"class_list":["post-2845","post","type-post","status-publish","format-standard","hentry","category-personleg","tag-946","tag-leideli","tag-sinnes","tag-sno","tag-vinterferie"],"share_on_mastodon":{"url":"","error":""},"_links":{"self":[{"href":"https:\/\/dalstroka-innafor.net\/index.php?rest_route=\/wp\/v2\/posts\/2845","targetHints":{"allow":["GET"]}}],"collection":[{"href":"https:\/\/dalstroka-innafor.net\/index.php?rest_route=\/wp\/v2\/posts"}],"about":[{"href":"https:\/\/dalstroka-innafor.net\/index.php?rest_route=\/wp\/v2\/types\/post"}],"author":[{"embeddable":true,"href":"https:\/\/dalstroka-innafor.net\/index.php?rest_route=\/wp\/v2\/users\/1"}],"replies":[{"embeddable":true,"href":"https:\/\/dalstroka-innafor.net\/index.php?rest_route=%2Fwp%2Fv2%2Fcomments&post=2845"}],"version-history":[{"count":1,"href":"https:\/\/dalstroka-innafor.net\/index.php?rest_route=\/wp\/v2\/posts\/2845\/revisions"}],"predecessor-version":[{"id":2846,"href":"https:\/\/dalstroka-innafor.net\/index.php?rest_route=\/wp\/v2\/posts\/2845\/revisions\/2846"}],"wp:attachment":[{"href":"https:\/\/dalstroka-innafor.net\/index.php?rest_route=%2Fwp%2Fv2%2Fmedia&parent=2845"}],"wp:term":[{"taxonomy":"category","embeddable":true,"href":"https:\/\/dalstroka-innafor.net\/index.php?rest_route=%2Fwp%2Fv2%2Fcategories&post=2845"},{"taxonomy":"post_tag","embeddable":true,"href":"https:\/\/dalstroka-innafor.net\/index.php?rest_route=%2Fwp%2Fv2%2Ftags&post=2845"}],"curies":[{"name":"wp","href":"https:\/\/api.w.org\/{rel}","templated":true}]}}