{"id":2777,"date":"2021-10-09T20:52:24","date_gmt":"2021-10-09T19:52:24","guid":{"rendered":"http:\/\/dalstroka-innafor.net\/?p=2777"},"modified":"2021-10-09T20:52:56","modified_gmt":"2021-10-09T19:52:56","slug":"9-10-9pm-10c","status":"publish","type":"post","link":"https:\/\/dalstroka-innafor.net\/?p=2777","title":{"rendered":"9.10 9PM 10\u00b0C"},"content":{"rendered":"\n<p>Fyrste dag, eller kveld, i haustferien glimtar til med gateljos som har teke kvelden. Difor kjennest haustm\u00f8rkret ekstra godt og omfavnande.<\/p>\n\n\n\n<p>I tillegg er det nok ikkje kvar \u00e5r at ein klokka 21 kan st\u00e5 ute i korterma. Makan!<\/p>\n\n\n\n<figure class=\"wp-block-image size-large is-style-rounded\"><a href=\"https:\/\/www.nrk.no\/trondelag\/snekkerverkstedet-skulle-flyttes-til-stiklestad-da-det-gikk-galt-1.15683099\"><img loading=\"lazy\" decoding=\"async\" width=\"1024\" height=\"768\" src=\"https:\/\/dalstroka-innafor.net\/wp-content\/uploads\/2021\/10\/img_20211009_2100272373534385380403281229-1024x768.jpg\" alt=\"\" class=\"wp-image-2774\" srcset=\"https:\/\/dalstroka-innafor.net\/wp-content\/uploads\/2021\/10\/img_20211009_2100272373534385380403281229-1024x768.jpg 1024w, https:\/\/dalstroka-innafor.net\/wp-content\/uploads\/2021\/10\/img_20211009_2100272373534385380403281229-300x225.jpg 300w, https:\/\/dalstroka-innafor.net\/wp-content\/uploads\/2021\/10\/img_20211009_2100272373534385380403281229-768x576.jpg 768w, https:\/\/dalstroka-innafor.net\/wp-content\/uploads\/2021\/10\/img_20211009_2100272373534385380403281229-1536x1152.jpg 1536w, https:\/\/dalstroka-innafor.net\/wp-content\/uploads\/2021\/10\/img_20211009_2100272373534385380403281229.jpg 2000w\" sizes=\"auto, (max-width: 1024px) 100vw, 1024px\" \/><\/a><\/figure>\n\n\n\n<figure class=\"wp-block-image size-large is-style-rounded\"><a href=\"https:\/\/www.nrk.no\/trondelag\/snekkerverkstedet-skulle-flyttes-til-stiklestad-da-det-gikk-galt-1.15683099\"><img loading=\"lazy\" decoding=\"async\" width=\"1024\" height=\"768\" src=\"https:\/\/dalstroka-innafor.net\/wp-content\/uploads\/2021\/10\/image_editor_output_image-1272625448-16338091217556163693579274881446-1024x768.jpg\" alt=\"\" class=\"wp-image-2776\" srcset=\"https:\/\/dalstroka-innafor.net\/wp-content\/uploads\/2021\/10\/image_editor_output_image-1272625448-16338091217556163693579274881446-1024x768.jpg 1024w, https:\/\/dalstroka-innafor.net\/wp-content\/uploads\/2021\/10\/image_editor_output_image-1272625448-16338091217556163693579274881446-300x225.jpg 300w, https:\/\/dalstroka-innafor.net\/wp-content\/uploads\/2021\/10\/image_editor_output_image-1272625448-16338091217556163693579274881446-768x576.jpg 768w, https:\/\/dalstroka-innafor.net\/wp-content\/uploads\/2021\/10\/image_editor_output_image-1272625448-16338091217556163693579274881446-1536x1152.jpg 1536w, https:\/\/dalstroka-innafor.net\/wp-content\/uploads\/2021\/10\/image_editor_output_image-1272625448-16338091217556163693579274881446.jpg 2000w\" sizes=\"auto, (max-width: 1024px) 100vw, 1024px\" \/><\/a><\/figure>\n","protected":false},"excerpt":{"rendered":"<p>Fyrste dag, eller kveld, i haustferien glimtar til med gateljos som har teke kvelden. Difor kjennest haustm\u00f8rkret ekstra godt og omfavnande. I tillegg er det nok ikkje kvar \u00e5r at ein klokka 21 kan st\u00e5 ute i korterma. Makan!<\/p>\n","protected":false},"author":1,"featured_media":0,"comment_status":"open","ping_status":"open","sticky":false,"template":"","format":"standard","meta":{"footnotes":"","_share_on_mastodon":"0"},"categories":[3],"tags":[938,287],"class_list":["post-2777","post","type-post","status-publish","format-standard","hentry","category-generelt","tag-938","tag-haustferie"],"share_on_mastodon":{"url":"","error":""},"_links":{"self":[{"href":"https:\/\/dalstroka-innafor.net\/index.php?rest_route=\/wp\/v2\/posts\/2777","targetHints":{"allow":["GET"]}}],"collection":[{"href":"https:\/\/dalstroka-innafor.net\/index.php?rest_route=\/wp\/v2\/posts"}],"about":[{"href":"https:\/\/dalstroka-innafor.net\/index.php?rest_route=\/wp\/v2\/types\/post"}],"author":[{"embeddable":true,"href":"https:\/\/dalstroka-innafor.net\/index.php?rest_route=\/wp\/v2\/users\/1"}],"replies":[{"embeddable":true,"href":"https:\/\/dalstroka-innafor.net\/index.php?rest_route=%2Fwp%2Fv2%2Fcomments&post=2777"}],"version-history":[{"count":1,"href":"https:\/\/dalstroka-innafor.net\/index.php?rest_route=\/wp\/v2\/posts\/2777\/revisions"}],"predecessor-version":[{"id":2778,"href":"https:\/\/dalstroka-innafor.net\/index.php?rest_route=\/wp\/v2\/posts\/2777\/revisions\/2778"}],"wp:attachment":[{"href":"https:\/\/dalstroka-innafor.net\/index.php?rest_route=%2Fwp%2Fv2%2Fmedia&parent=2777"}],"wp:term":[{"taxonomy":"category","embeddable":true,"href":"https:\/\/dalstroka-innafor.net\/index.php?rest_route=%2Fwp%2Fv2%2Fcategories&post=2777"},{"taxonomy":"post_tag","embeddable":true,"href":"https:\/\/dalstroka-innafor.net\/index.php?rest_route=%2Fwp%2Fv2%2Ftags&post=2777"}],"curies":[{"name":"wp","href":"https:\/\/api.w.org\/{rel}","templated":true}]}}