{"id":2754,"date":"2021-09-23T07:16:54","date_gmt":"2021-09-23T06:16:54","guid":{"rendered":"http:\/\/dalstroka-innafor.net\/?p=2754"},"modified":"2021-09-22T22:17:01","modified_gmt":"2021-09-22T21:17:01","slug":"facebook-som-internett","status":"publish","type":"post","link":"https:\/\/dalstroka-innafor.net\/?p=2754","title":{"rendered":"Facebook som &laquo;internett&raquo;"},"content":{"rendered":"\n<p>Det har vorte slik at &laquo;alle&raquo; har Facebook. Der kan ein lika og diskutera seg bl\u00e5. (Pun intended&#8230;)<\/p>\n\n\n\n<p>Men gjer ikke det noko med oss? N\u00e5r all offentleg informasjon med eit foreg\u00e5r i eit propriet\u00e6rt univers som Facebook, og heile smafummsdiskusjonane gjeng f\u00f8re seg der&#8230;har ein ikkje d\u00e5 tapt eitt og anna for ettertida?<\/p>\n\n\n\n<p>I staden for at mediebedrifter har diskusjonstr\u00e5dar som dei sj\u00f8lve har eigarskap p\u00e5, har no Facebook denne eigendomsretten.<\/p>\n\n\n\n<p>Det same er jo tilfelle med offentlege instansar som kommunar og fylkeskommunar&#8230;ein har ikkje lenger kontroll p\u00e5 det som vert formidla i desse kanalane.<\/p>\n\n\n\n<p>UDI legg no ned Facebooksidene sine, og <a href=\"https:\/\/nrkbeta.no\/2021\/09\/22\/datatilsynet-kan-ikke-sta-inne-for-a-vaere-pa-facebook\/\">NRK Beta melder om at det kan f\u00e5 ein dominoeffekt<\/a>.<\/p>\n\n\n\n<p>La oss for ettertida, og openheiten vona at s\u00e5 skjer!<\/p>\n\n\n\n<figure class=\"wp-block-image size-large\"><img loading=\"lazy\" decoding=\"async\" width=\"864\" height=\"1024\" src=\"https:\/\/dalstroka-innafor.net\/wp-content\/uploads\/2021\/09\/Screenshot_20210922-230936-864x1024.png\" alt=\"\" class=\"wp-image-2753\" srcset=\"https:\/\/dalstroka-innafor.net\/wp-content\/uploads\/2021\/09\/Screenshot_20210922-230936-864x1024.png 864w, https:\/\/dalstroka-innafor.net\/wp-content\/uploads\/2021\/09\/Screenshot_20210922-230936-253x300.png 253w, https:\/\/dalstroka-innafor.net\/wp-content\/uploads\/2021\/09\/Screenshot_20210922-230936-768x910.png 768w, https:\/\/dalstroka-innafor.net\/wp-content\/uploads\/2021\/09\/Screenshot_20210922-230936.png 1080w\" sizes=\"auto, (max-width: 864px) 100vw, 864px\" \/><\/figure>\n","protected":false},"excerpt":{"rendered":"<p>Det har vorte slik at &laquo;alle&raquo; har Facebook. Der kan ein lika og diskutera seg bl\u00e5. (Pun intended&#8230;) Men gjer ikke det noko med oss? N\u00e5r all offentleg informasjon med eit foreg\u00e5r i eit propriet\u00e6rt univers som Facebook, og heile smafummsdiskusjonane gjeng f\u00f8re seg der&#8230;har ein ikkje d\u00e5 tapt eitt og anna for ettertida? I [&hellip;]<\/p>\n","protected":false},"author":1,"featured_media":0,"comment_status":"open","ping_status":"open","sticky":false,"template":"","format":"standard","meta":{"footnotes":"","_share_on_mastodon":"0"},"categories":[4,10],"tags":[146,629],"class_list":["post-2754","post","type-post","status-publish","format-standard","hentry","category-ikt","category-politikk","tag-debatt","tag-samfunn"],"share_on_mastodon":{"url":"","error":""},"_links":{"self":[{"href":"https:\/\/dalstroka-innafor.net\/index.php?rest_route=\/wp\/v2\/posts\/2754","targetHints":{"allow":["GET"]}}],"collection":[{"href":"https:\/\/dalstroka-innafor.net\/index.php?rest_route=\/wp\/v2\/posts"}],"about":[{"href":"https:\/\/dalstroka-innafor.net\/index.php?rest_route=\/wp\/v2\/types\/post"}],"author":[{"embeddable":true,"href":"https:\/\/dalstroka-innafor.net\/index.php?rest_route=\/wp\/v2\/users\/1"}],"replies":[{"embeddable":true,"href":"https:\/\/dalstroka-innafor.net\/index.php?rest_route=%2Fwp%2Fv2%2Fcomments&post=2754"}],"version-history":[{"count":1,"href":"https:\/\/dalstroka-innafor.net\/index.php?rest_route=\/wp\/v2\/posts\/2754\/revisions"}],"predecessor-version":[{"id":2755,"href":"https:\/\/dalstroka-innafor.net\/index.php?rest_route=\/wp\/v2\/posts\/2754\/revisions\/2755"}],"wp:attachment":[{"href":"https:\/\/dalstroka-innafor.net\/index.php?rest_route=%2Fwp%2Fv2%2Fmedia&parent=2754"}],"wp:term":[{"taxonomy":"category","embeddable":true,"href":"https:\/\/dalstroka-innafor.net\/index.php?rest_route=%2Fwp%2Fv2%2Fcategories&post=2754"},{"taxonomy":"post_tag","embeddable":true,"href":"https:\/\/dalstroka-innafor.net\/index.php?rest_route=%2Fwp%2Fv2%2Ftags&post=2754"}],"curies":[{"name":"wp","href":"https:\/\/api.w.org\/{rel}","templated":true}]}}