{"id":2692,"date":"2020-05-17T17:40:54","date_gmt":"2020-05-17T16:40:54","guid":{"rendered":"http:\/\/dalstroka-innafor.net\/?p=2692"},"modified":"2020-05-17T17:40:56","modified_gmt":"2020-05-17T16:40:56","slug":"gratulerer-med-dagen","status":"publish","type":"post","link":"https:\/\/dalstroka-innafor.net\/?p=2692","title":{"rendered":"GRATULERER MED DAGEN"},"content":{"rendered":"\n<p>17. mai 2020 skriv seg inn i historia som ei feiring av nasjonaldagen som me vil minnast. Ikkje p\u00e5 grunn av sn\u00f8bygene og det kalde veret n\u00f8dvendigvis, men p\u00e5 grunn av koronaviruset.<\/p>\n\n\n\n<p>I \u00f8vre Sirdal gjekk feiringa f\u00f8re seg omtrent slik som dette:<\/p>\n\n\n\n<figure class=\"wp-block-embed-youtube wp-block-embed is-type-video is-provider-youtube wp-embed-aspect-16-9 wp-has-aspect-ratio\"><div class=\"wp-block-embed__wrapper\">\n<iframe loading=\"lazy\" title=\"17. mai 2020 - \u00d8vre Sirdal\" width=\"1170\" height=\"658\" src=\"https:\/\/www.youtube.com\/embed\/mizxIOI5eSo?feature=oembed\" frameborder=\"0\" allow=\"accelerometer; autoplay; encrypted-media; gyroscope; picture-in-picture\" allowfullscreen><\/iframe>\n<\/div><\/figure>\n","protected":false},"excerpt":{"rendered":"<p>17. mai 2020 skriv seg inn i historia som ei feiring av nasjonaldagen som me vil minnast. Ikkje p\u00e5 grunn av sn\u00f8bygene og det kalde veret n\u00f8dvendigvis, men p\u00e5 grunn av koronaviruset. I \u00f8vre Sirdal gjekk feiringa f\u00f8re seg omtrent slik som dette:<\/p>\n","protected":false},"author":1,"featured_media":0,"comment_status":"open","ping_status":"open","sticky":false,"template":"","format":"standard","meta":{"footnotes":"","_share_on_mastodon":"0"},"categories":[1],"tags":[933,928],"class_list":["post-2692","post","type-post","status-publish","format-standard","hentry","category-uncategorized","tag-17-mai-2","tag-korona"],"share_on_mastodon":{"url":"","error":""},"_links":{"self":[{"href":"https:\/\/dalstroka-innafor.net\/index.php?rest_route=\/wp\/v2\/posts\/2692","targetHints":{"allow":["GET"]}}],"collection":[{"href":"https:\/\/dalstroka-innafor.net\/index.php?rest_route=\/wp\/v2\/posts"}],"about":[{"href":"https:\/\/dalstroka-innafor.net\/index.php?rest_route=\/wp\/v2\/types\/post"}],"author":[{"embeddable":true,"href":"https:\/\/dalstroka-innafor.net\/index.php?rest_route=\/wp\/v2\/users\/1"}],"replies":[{"embeddable":true,"href":"https:\/\/dalstroka-innafor.net\/index.php?rest_route=%2Fwp%2Fv2%2Fcomments&post=2692"}],"version-history":[{"count":1,"href":"https:\/\/dalstroka-innafor.net\/index.php?rest_route=\/wp\/v2\/posts\/2692\/revisions"}],"predecessor-version":[{"id":2693,"href":"https:\/\/dalstroka-innafor.net\/index.php?rest_route=\/wp\/v2\/posts\/2692\/revisions\/2693"}],"wp:attachment":[{"href":"https:\/\/dalstroka-innafor.net\/index.php?rest_route=%2Fwp%2Fv2%2Fmedia&parent=2692"}],"wp:term":[{"taxonomy":"category","embeddable":true,"href":"https:\/\/dalstroka-innafor.net\/index.php?rest_route=%2Fwp%2Fv2%2Fcategories&post=2692"},{"taxonomy":"post_tag","embeddable":true,"href":"https:\/\/dalstroka-innafor.net\/index.php?rest_route=%2Fwp%2Fv2%2Ftags&post=2692"}],"curies":[{"name":"wp","href":"https:\/\/api.w.org\/{rel}","templated":true}]}}