{"id":2688,"date":"2020-04-17T21:14:24","date_gmt":"2020-04-17T20:14:24","guid":{"rendered":"http:\/\/dalstroka-innafor.net\/?p=2688"},"modified":"2021-10-07T05:32:59","modified_gmt":"2021-10-07T04:32:59","slug":"holmestrand-offentlige-skole-for-dove-foreldreblad-1943","status":"publish","type":"post","link":"https:\/\/dalstroka-innafor.net\/?p=2688","title":{"rendered":"Holmestrand offentlige skole for d\u00f8ve &#8211; foreldreblad &#8211; 1943"},"content":{"rendered":"\n<p>Min farbror, Ingvald, gjekk p\u00e5 Holmestrand offentlige skole for d\u00f8ve under krigen. Utsnittet over er delar av foreldreblad som vart sendt ut i januar 1943.<\/p>\n\n\n\n<p>Med tanke p\u00e5 siste tiders koronapandemi, s\u00e5 trur eg ein skal vere glad for at ikkje forsyningslinja med mat vart p\u00e5virka.<\/p>\n\n\n\n<p>No var ein &laquo;heldig&raquo; denne gongen, men neste krise kan fort p\u00e5virka drivstofflinja. D\u00e5 har ein med eitt eit kjempeproblem.<\/p>\n\n\n\n<p><em>&laquo;I skole\u00e5ret 1940-1941 og 1944-1945 hadde tyskerne overtatt skolen og brukte den som base. \u00c5rene i mellom var elevene p\u00e5 skolen som vanlig. Fordi det var s\u00e5 lite mat under krigen, begynte skolen \u00e5 dyrke gr\u00f8nnsaker som potet. Etterhvert begynte de ogs\u00e5 med gris.&raquo;<\/em> &#8211; <a href=\"https:\/\/no.wikipedia.org\/wiki\/Holmestrand_offentlige_skole_for_d\u00f8ve\">Wikipedia, Holmestrand offentlige skole for d\u00f8ve<\/a><\/p>\n\n\n\n<hr class=\"wp-block-separator\"\/>\n\n\n\n<p><em>&laquo;S\u00e5 var det en sak som jeg gjerne vilde at dere foreldre kom med uttalelser om. Det gjelder de deilige sendinger av ost, sm\u00f8r, syltet\u00f8y o.s.v. som barna f\u00e5r heimefra<\/em>. <\/p>\n\n\n\n<p><em>No i disse tider da det er s\u00e5 vanskelig med mat, er skolen meget taknemlig for dem. No i disse tider da det er s\u00e5 vanskelig med mat, er skolen meget taknemlig for dem. Hvert barn gjemmer sine gode saker i et skap og tar det selv fram til hvert m\u00e5ltid og det er en glede og se hvor det smaker dem. Skolen har jo ikke i disse rasjoneringstider for meget av slike gode saker.<\/em> <\/p>\n\n\n\n<p><em>I normale tider er det imidlertid et stor MEN som kommer til. Forholdene er nemlig slik at det er en hel del barn som ikke f\u00e5r sendt slike godsake heimefra. <\/em><\/p>\n\n\n\n<p><em>Det gjelder s\u00e6rlig dem som kommer fra byene. I byen er det jo ikke noen overflod p\u00e5 mat. <\/em><\/p>\n\n\n\n<p><em>Er det en glede \u00e5 se p\u00e5 de barna som har f\u00e5tt noe heimefra s\u00e5 er det trist \u00e5 se p\u00e5 dem som ikke har no. Det er lange blikk som blir sendt dem som har noe, og lukten av stekt skinke og egg er ikke god til det krigsbr\u00f8de og krigsmargarin som de andre f\u00e5r. <\/em><\/p>\n\n\n\n<p><em>Jeg er helt oppmerksom p\u00e5 at dette er et meget vanskelig sp\u00f8rsm\u00e5l. Jeg vilde selv f\u00f8le meg fristet til \u00e5 sende hjertebarne en godbit hvis jeg hadde m\u00e5ttet sende mitt barn til d\u00f8veskolen. <\/em><\/p>\n\n\n\n<p><em>Som sagt, i disse tider er vi allikevel gla for det. Det er en hjelp for skolen for De vet: Alle monne drar, men i normal tid er det noe annet. Jeg vil be Dem uttale dere om dette.&raquo;<\/em> <\/p>\n\n\n\n<p>G. F. J.<\/p>\n","protected":false},"excerpt":{"rendered":"<p>Min farbror, Ingvald, gjekk p\u00e5 Holmestrand offentlige skole for d\u00f8ve under krigen. Utsnittet over er delar av foreldreblad som vart sendt ut i januar 1943. Med tanke p\u00e5 siste tiders koronapandemi, s\u00e5 trur eg ein skal vere glad for at ikkje forsyningslinja med mat vart p\u00e5virka. No var ein &laquo;heldig&raquo; denne gongen, men neste krise [&hellip;]<\/p>\n","protected":false},"author":1,"featured_media":0,"comment_status":"open","ping_status":"open","sticky":false,"template":"","format":"standard","meta":{"footnotes":"","_share_on_mastodon":"0"},"categories":[1],"tags":[932,930,929,928,403,404],"class_list":["post-2688","post","type-post","status-publish","format-standard","hentry","category-uncategorized","tag-932","tag-doveskole","tag-holmestrand","tag-korona","tag-krig","tag-krise"],"share_on_mastodon":{"url":"","error":""},"_links":{"self":[{"href":"https:\/\/dalstroka-innafor.net\/index.php?rest_route=\/wp\/v2\/posts\/2688","targetHints":{"allow":["GET"]}}],"collection":[{"href":"https:\/\/dalstroka-innafor.net\/index.php?rest_route=\/wp\/v2\/posts"}],"about":[{"href":"https:\/\/dalstroka-innafor.net\/index.php?rest_route=\/wp\/v2\/types\/post"}],"author":[{"embeddable":true,"href":"https:\/\/dalstroka-innafor.net\/index.php?rest_route=\/wp\/v2\/users\/1"}],"replies":[{"embeddable":true,"href":"https:\/\/dalstroka-innafor.net\/index.php?rest_route=%2Fwp%2Fv2%2Fcomments&post=2688"}],"version-history":[{"count":2,"href":"https:\/\/dalstroka-innafor.net\/index.php?rest_route=\/wp\/v2\/posts\/2688\/revisions"}],"predecessor-version":[{"id":2773,"href":"https:\/\/dalstroka-innafor.net\/index.php?rest_route=\/wp\/v2\/posts\/2688\/revisions\/2773"}],"wp:attachment":[{"href":"https:\/\/dalstroka-innafor.net\/index.php?rest_route=%2Fwp%2Fv2%2Fmedia&parent=2688"}],"wp:term":[{"taxonomy":"category","embeddable":true,"href":"https:\/\/dalstroka-innafor.net\/index.php?rest_route=%2Fwp%2Fv2%2Fcategories&post=2688"},{"taxonomy":"post_tag","embeddable":true,"href":"https:\/\/dalstroka-innafor.net\/index.php?rest_route=%2Fwp%2Fv2%2Ftags&post=2688"}],"curies":[{"name":"wp","href":"https:\/\/api.w.org\/{rel}","templated":true}]}}