{"id":267,"date":"2007-10-17T08:47:02","date_gmt":"2007-10-17T06:47:02","guid":{"rendered":"http:\/\/www.dalstroka-innafor.net\/2007\/10\/17\/glimt-fra-her-om-dagen\/"},"modified":"2007-10-17T08:47:02","modified_gmt":"2007-10-17T06:47:02","slug":"glimt-fra-her-om-dagen","status":"publish","type":"post","link":"https:\/\/dalstroka-innafor.net\/?p=267","title":{"rendered":"Glimt fr\u00e5 her om dagen&#8230;"},"content":{"rendered":"<p>Eg er d\u00e5rleg til \u00e5 ta bilete denne gongen. Ikkje berre fordi alle andre har slike sofistikerte speilreflekskamera, men fordi eg rett og slett ikkje gidd \u00e5 dra med meg fotoapparatet. Eg tek heller inn syna med auga mine. Ein reisevandt kar sa ei gong til meg at \u00e5 leva ei reise gjennom ei linse avgrensa opplevingane. S\u00e5 no tek eg det til etterettning. Men fr\u00e5 tid til annen hender det jo at tilogmed eg f\u00e5r nokre krampetrekkningar i peikefingaren:<\/p>\n<table align=\"center\">\n<tr>\n<td>\n<p style=\"text-align: center\" align=\"center\"><a href=\"http:\/\/www.dalstroka-innafor.net\/wp-content\/uploads\/2007\/10\/pa150026.JPG\" rel=\"lightbox[park]\" title=\"Samlar kreftstr\u00e5ler p\u00e5 plenen...\"><img loading=\"lazy\" decoding=\"async\" src=\"http:\/\/www.dalstroka-innafor.net\/wp-content\/uploads\/2007\/10\/pa150026.thumbnail.JPG\" alt=\"Samlar kreftstr\u00e5ler p\u00e5 plenen...\" class=\"imageframe\" style=\"margin-left: auto; margin-right: auto\" height=\"150\" width=\"200\" \/><\/a><a href=\"http:\/\/www.dalstroka-innafor.net\/wp-content\/uploads\/2007\/10\/pa150031.JPG\" rel=\"lightbox[park]\" title=\"Eg og Siri i parken\u2026\"><img loading=\"lazy\" decoding=\"async\" src=\"http:\/\/www.dalstroka-innafor.net\/wp-content\/uploads\/2007\/10\/pa150031.thumbnail.JPG\" alt=\"Eg og Siri i parken\u2026\" class=\"imageframe\" style=\"margin-left: auto; margin-right: auto\" height=\"150\" width=\"200\" \/><\/a><\/p>\n<\/td>\n<\/tr>\n<\/table>\n","protected":false},"excerpt":{"rendered":"<p>Eg er d\u00e5rleg til \u00e5 ta bilete denne gongen. Ikkje berre fordi alle andre har slike sofistikerte speilreflekskamera, men fordi eg rett og slett ikkje gidd \u00e5 dra med meg fotoapparatet. Eg tek heller inn syna med auga mine. Ein reisevandt kar sa ei gong til meg at \u00e5 leva ei reise gjennom ei linse [&hellip;]<\/p>\n","protected":false},"author":1,"featured_media":0,"comment_status":"open","ping_status":"open","sticky":false,"template":"","format":"standard","meta":{"footnotes":"","_share_on_mastodon":"0"},"categories":[14],"tags":[],"class_list":["post-267","post","type-post","status-publish","format-standard","hentry","category-aa-studiar"],"share_on_mastodon":{"url":"","error":""},"_links":{"self":[{"href":"https:\/\/dalstroka-innafor.net\/index.php?rest_route=\/wp\/v2\/posts\/267","targetHints":{"allow":["GET"]}}],"collection":[{"href":"https:\/\/dalstroka-innafor.net\/index.php?rest_route=\/wp\/v2\/posts"}],"about":[{"href":"https:\/\/dalstroka-innafor.net\/index.php?rest_route=\/wp\/v2\/types\/post"}],"author":[{"embeddable":true,"href":"https:\/\/dalstroka-innafor.net\/index.php?rest_route=\/wp\/v2\/users\/1"}],"replies":[{"embeddable":true,"href":"https:\/\/dalstroka-innafor.net\/index.php?rest_route=%2Fwp%2Fv2%2Fcomments&post=267"}],"version-history":[{"count":0,"href":"https:\/\/dalstroka-innafor.net\/index.php?rest_route=\/wp\/v2\/posts\/267\/revisions"}],"wp:attachment":[{"href":"https:\/\/dalstroka-innafor.net\/index.php?rest_route=%2Fwp%2Fv2%2Fmedia&parent=267"}],"wp:term":[{"taxonomy":"category","embeddable":true,"href":"https:\/\/dalstroka-innafor.net\/index.php?rest_route=%2Fwp%2Fv2%2Fcategories&post=267"},{"taxonomy":"post_tag","embeddable":true,"href":"https:\/\/dalstroka-innafor.net\/index.php?rest_route=%2Fwp%2Fv2%2Ftags&post=267"}],"curies":[{"name":"wp","href":"https:\/\/api.w.org\/{rel}","templated":true}]}}