{"id":2663,"date":"2020-02-22T23:22:35","date_gmt":"2020-02-22T22:22:35","guid":{"rendered":"http:\/\/dalstroka-innafor.net\/?p=2663"},"modified":"2020-03-06T20:39:50","modified_gmt":"2020-03-06T19:39:50","slug":"perspektiv-fra-tigerstaden","status":"publish","type":"post","link":"https:\/\/dalstroka-innafor.net\/?p=2663","title":{"rendered":"Perspektiv fr\u00e5 Tigerstaden"},"content":{"rendered":"\n<p>Jonny Liland uttalte til Aftenbladet her om dagen:<br><strong><a href=\"https:\/\/www.aftenbladet.no\/lokalt\/i\/8mK7aQ\/vil-flytte-vre-sirdal-inn-i-rogaland\">&laquo;Vi har nettopp vedtatt \u00e5 investere 30 millioner kroner i Sinnes skule med 46 elever.&raquo;<\/a><\/strong><\/p>\n\n\n\n<p>For det fyrste er det ikkje som om AP, H\u00f8gre og FrP ikkje har fors\u00f8kt \u00e5 unng\u00e5 denne &laquo;innvesteringa&raquo;. Som sist gong det vart gjort ei stor &laquo;investering&raquo; p\u00e5 Sinnes (med unntak av gymsalen), er ogs\u00e5 dette eit <strong>resultat av samfunnskrav<\/strong>. Slik var det p\u00e5 70-talet, og slik er det i 2020. <\/p>\n\n\n\n<p>Det var alts\u00e5 ikkje noko ein valde \u00e5 gjere, men <strong>m\u00e5tte<\/strong>. Det var skulesjef Steinar Tjomlid stolt av i 1990, d\u00e5 han i VG skr\u00f8ytte av at Sirdal kunne OG <em>ville<\/em> nytte pengar p\u00e5 den yngre garde.<\/p>\n\n\n\n<figure class=\"wp-block-image size-large\"><img loading=\"lazy\" decoding=\"async\" width=\"760\" height=\"521\" src=\"https:\/\/dalstroka-innafor.net\/wp-content\/uploads\/2020\/02\/Screenshot_20200223-061124.png\" alt=\"\" class=\"wp-image-2669\" srcset=\"https:\/\/dalstroka-innafor.net\/wp-content\/uploads\/2020\/02\/Screenshot_20200223-061124.png 760w, https:\/\/dalstroka-innafor.net\/wp-content\/uploads\/2020\/02\/Screenshot_20200223-061124-300x206.png 300w\" sizes=\"auto, (max-width: 760px) 100vw, 760px\" \/><figcaption>VG med Sirdals framtid, Charlotte Knutsen, framfor Sentralskulen 16.08.1990<\/figcaption><\/figure>\n\n\n\n<p>Ein kan gjerne stange i mot det ein vil, men sj\u00f8lv ikkje Sirdal kan fors\u00f8ke \u00e5 melde seg ut av den nasjonale samfunnsutviklinga. <\/p>\n\n\n\n<p>S\u00e5 kan ein jo diskutere om det er til det beste eller ei, og argumentera med at det jo vart gode folk av oss f\u00f8r og! Det er i denne samanhengen irrelevant.<\/p>\n\n\n\n<p>Rassikring langs vegane er og eit poeng for Liland. Men akkurat rassikring er vel neppe spesielt for Sirdal. Sj\u00f8lv E18 er gjenstand for rassikring, alts\u00e5 er denne &laquo;satsinga&raquo; eigentleg ikkje eit argument. Ein har jo gjort litt med vegen mellom Tonstad og Haughom dei seinare \u00e5ra. Dette har alle tent p\u00e5, og eg trur du skal leita godt for \u00e5 finna nokon som rakkar ned med &laquo;Tonstad fekk tunell\u2026&raquo; og er sure for det.<\/p>\n\n\n\n<p>N\u00e5r det gjeld GP-krysset er jo ogs\u00e5 dette ei sak som har vorte diskutert lenge. Men lengre enn det, har det vore etterlyt gang og sykkelveg mellom GP til Tj\u00f8rhom. No er alts\u00e5 GP krysset godkjent, men l\u00f8ysninga er jo ikkje laga for innbyggjarane. Hadde den vore det, ville ein ha ei heilt anna l\u00f8ysning enn den som er p\u00e5 trappene no, og gang og sykkelsti til Tj\u00f8rhom. I staden vert det gang og sykkelsti til Tj\u00f8rhomFJELLET, alts\u00e5 gang og sykkelsti til eit skitrekk. Trass i at det i \u00e5revis har vore etterspurt gang og sykkelsti for dei fastbuande p\u00e5 Tj\u00f8rhom. Anleggstrafikken i vekedagane, hytteturistane i helgene gjennom krysset er jo astronomisk! Kven som stod bak dei politiske vurderingane veit sikkert politikarane fr\u00e5 alle parti best sj\u00f8lve.<\/p>\n\n\n\n<p>Om Liland understreker at avgjersla ikkje er teken om museum og turistinformasjon aldri s\u00e5 mykje, s\u00e5 er det vel helst det som er problemet. Med valgprogram der han frontar sitt store hjarte for Sird\u00f8len, burde han st\u00e5tt p\u00e5 barikadane for \u00e5 tryggje, n\u00e5r det dukkar opp tvil om slikt etter <a href=\"https:\/\/www.avisenagder.no\/utbyggingsvedtaket-er-en-politisk-drittpakke\/s\/5-99-882584\">Morten Ovedal sine hofteskot<\/a>!<\/p>\n\n\n\n<p>Eg saknar eit grunnleggjande poeng i denne debatten. <\/p>\n\n\n\n<p>Nei, eg saknar to ting.<\/p>\n\n\n\n<p>Det eine er at <a href=\"https:\/\/www.facebook.com\/sirdalmedia\/posts\/572473963341455?comment_id=572542880001230\">mykje av diskusjonen f\u00f8reg\u00e5r p\u00e5 ein propriet\u00e6r plattform, alts\u00e5 Facebook<\/a>. Det i seg sj\u00f8lv er ganske diskriminerande for dei som ikkje er der. Eit poeng er og at heile denne diskusjonen historisk sett kan ende opp med ikkje \u00e5 eksistera, jf. diskusjonsfora p\u00e5 Sird\u00f8len avis, som ikkje lenger er \u00e5 finna p\u00e5 nett. Her har Sirdal tapt mykje historie, og kan risikera \u00e5 tapa end\u00e5 meir!<\/p>\n\n\n\n<p>Den andre er rett og slett det faktum at to ganske sentrale aspekt har endra seg sidan 1960.<\/p>\n\n\n\n<p>Vegen fr\u00e5 \u00d8vre Sirdal til Rogaland er av ei anna verd enn det den ein gong var. N\u00e5r Odd B\u00f8rretzen syng om kor lang tid det tok fr\u00e5 Lunde til Oslo, kunne ein sikkert ogs\u00e5 ha sett i eit stev om vegen fr\u00e5 Sinnes til Sandnes p\u00e5 60-talet.<\/p>\n\n\n\n<p>Mange elskar \u00e5 poengtera motstanden mot bompengestasjonen ved \u00d8vsteb\u00f8. Men no har den alts\u00e5 st\u00e5tt der nokre \u00e5r, og konsekvensane av han er jo relativt tydeleg med ein betre vegstandard enn nokon gong. S\u00e5 har den vel ogs\u00e5 vore stengt meir vinterstid enn tidlegare, Hunnedalsvegen, men det er ein annan diskusjon.<\/p>\n\n\n\n<p>Me fekk ogs\u00e5 eit nytt kart p\u00e5 Agder etter nytt\u00e5r. Det er noko ein kjende p\u00e5 f\u00f8r ogs\u00e5, men no er det end\u00e5 tydelegare. Ein kan oppleva \u00e5 m\u00e5tte dra ein dag <em>f\u00f8r<\/em> p\u00e5 m\u00f8te i Kristiansand (3 timar <em>kvar veg<\/em>&#8230;), eller end\u00e5 verre, Arendal, kontra ein dr\u00f8y times kj\u00f8ring til Sandnes\/Stavanger. Sistnemnde eksempel kan fort likna ein vanleg arbeidsdag for ein vanleg pendlar. Det er noko med ressursbruk og berekraft her som ikkje heng p\u00e5 greip.<\/p>\n\n\n\n<p>S\u00e5 vidt eg har f\u00e5tt med meg, s\u00e5 er det ingen i debatten som har teke dette inn over seg. Liland og Liland er mest opptatt av \u00e5 poengtere kor mykje ein <em>no<\/em> satsar i \u00d8vre Sirdal, samt \u00e5 nytte relativt lite fine hersekteknikkar i debatten.<\/p>\n\n\n\n<p><a href=\"https:\/\/www.sirdalmedia.no\/2020\/02\/heller-se-muligheter\/\">Odd Kvinen kjem inn fr\u00e5 vingen<\/a> og snakkar heller ikkje eigentleg om saka. Om kvifor ein kjenner frustasjonen mot \u00e5 m\u00e5tte forhalda seg til eit Agder som er lenger vekke enn nokon sinne, medan det sentrale Rogaland kryp n\u00e6rare og n\u00e6rare med Sandnes si anektering av Forsand.<\/p>\n\n\n\n<p>S\u00e5 kan ein sj\u00f8lvsagt dra fram lokale saker til den store gullmedaljen og kaste desse att og fram mellom kvarandre. \u00d8vre og nedre. Utan at det kjem noko s\u00e6rleg ut av det.<\/p>\n\n\n\n<p>Men som Tor Arne Liland seier det, s\u00e5 har ogs\u00e5 eg massevis av gode erfaringar fr\u00e5 begge endar av Sirdal. <\/p>\n\n\n\n<p>Antan det var p\u00e5 fotballkampar, st\u00f8dig leia av Tom og K\u00e5re, saman med Knut Arne, Jan Trygve, Christian og Johnny p\u00e5 Voll som spelar for Tonstad IL (Som var ein pr\u00f8velse n\u00e5r ein i utgangspunktet hadde to pitstop med spying kvar tur til byen), kristenleir p\u00e5 Tonstadli med Endre, TenSing med Gunnar og Peter, langrennskonkurransar med Stein Ivar og Eivind, planting av tre p\u00e5 Espetveit eller i Tjomlid i skogplanteprosjekt, m\u00e5ltid p\u00e5 \u00d8yghedlar med Astrid og Arna i mine tre \u00e5r p\u00e5 SVGS, hyggelege bekjentskap med lokale kundar d\u00e5 eg arbeidde hj\u00e5 Gunnar og Per-Gustav p\u00e5 SirCon p\u00e5 tidleg 2000-tal eller det at mine born frydar seg kvar gong med passerer Hompland og Liv og Johannes sitt hus.<\/p>\n\n\n\n<p>Politikarar som sler politiske mynt p\u00e5 faktiske tilh\u00f8ve som kjennes p\u00e5 kroppen for oss i \u00f8vre del av dalen, og atp\u00e5til er frekke nok til \u00e5 fors\u00f8ka \u00e5 ta i fr\u00e5 meg alle dei gode opplevingane som eg har hatt, og fortsatt kjem til \u00e5 f\u00e5. Det. Likar. Eg. Ikkje.<\/p>\n\n\n\n<p>S\u00e5 for \u00e5 avslutta med eit lokalt, konkret eksempel. AP er i f\u00f8rarsetet her. For <a href=\"https:\/\/www.avisenagder.no\/innforte-fritt-skolevalg-i-sirdal-legger-press-pa-skolene-til-a-prestere\/s\/5-99-884358\">sj\u00f8lv om Inge Sigbj\u00f8rn Biktj\u00f8rn g\u00e5r ut i Agder og oppmodar om ikkje \u00e5 framstilla det som om<\/a> dei (AP) ikkje ynskjer noko godt for \u00d8vre Sirdal. Ja d\u00e5 meiner eg at han fyrst av alt m\u00e5 ta ein snakk med sine partikollegar som meistrar praktstykket \u00e5 uttrykkja at ein kjenner seg pressa opp ei eit hj\u00f8rne, i formannskapsm\u00f8tet som omsider vedtok renovering av skulen p\u00e5 Sinnes. Dei to ekstrarundane etter arbeidsgruppa sitt harde arbeid, gjer jo ikkje akkurat at det er tillit ein kjenner p\u00e5 i m\u00f8tet med dei nye kostane i Sirdal.<\/p>\n\n\n\n<p>PS. <em>Om nokon les dette, og &laquo;laikar&raquo; det, som det s\u00e5 fint heiter. D\u00e5 er det flott om du lenker til dette debattinnlegget <span style=\"text-decoration: underline;\">p\u00e5<\/span> Facebook, vekk i fr\u00e5 Facebook.<\/em> P\u00e5 f\u00f8rehand takk.<\/p>\n","protected":false},"excerpt":{"rendered":"<p>Jonny Liland uttalte til Aftenbladet her om dagen:&laquo;Vi har nettopp vedtatt \u00e5 investere 30 millioner kroner i Sinnes skule med 46 elever.&raquo; For det fyrste er det ikkje som om AP, H\u00f8gre og FrP ikkje har fors\u00f8kt \u00e5 unng\u00e5 denne &laquo;innvesteringa&raquo;. Som sist gong det vart gjort ei stor &laquo;investering&raquo; p\u00e5 Sinnes (med unntak av [&hellip;]<\/p>\n","protected":false},"author":1,"featured_media":0,"comment_status":"open","ping_status":"closed","sticky":false,"template":"","format":"standard","meta":{"footnotes":"","_share_on_mastodon":"0"},"categories":[10,12],"tags":[927,926,629,924,896,925],"class_list":["post-2663","post","type-post","status-publish","format-standard","hentry","category-politikk","category-sirdal","tag-agder","tag-rogaland","tag-samfunn","tag-sinnes","tag-sirdal","tag-ovre-sirdal"],"share_on_mastodon":{"url":"","error":""},"_links":{"self":[{"href":"https:\/\/dalstroka-innafor.net\/index.php?rest_route=\/wp\/v2\/posts\/2663","targetHints":{"allow":["GET"]}}],"collection":[{"href":"https:\/\/dalstroka-innafor.net\/index.php?rest_route=\/wp\/v2\/posts"}],"about":[{"href":"https:\/\/dalstroka-innafor.net\/index.php?rest_route=\/wp\/v2\/types\/post"}],"author":[{"embeddable":true,"href":"https:\/\/dalstroka-innafor.net\/index.php?rest_route=\/wp\/v2\/users\/1"}],"replies":[{"embeddable":true,"href":"https:\/\/dalstroka-innafor.net\/index.php?rest_route=%2Fwp%2Fv2%2Fcomments&post=2663"}],"version-history":[{"count":19,"href":"https:\/\/dalstroka-innafor.net\/index.php?rest_route=\/wp\/v2\/posts\/2663\/revisions"}],"predecessor-version":[{"id":2684,"href":"https:\/\/dalstroka-innafor.net\/index.php?rest_route=\/wp\/v2\/posts\/2663\/revisions\/2684"}],"wp:attachment":[{"href":"https:\/\/dalstroka-innafor.net\/index.php?rest_route=%2Fwp%2Fv2%2Fmedia&parent=2663"}],"wp:term":[{"taxonomy":"category","embeddable":true,"href":"https:\/\/dalstroka-innafor.net\/index.php?rest_route=%2Fwp%2Fv2%2Fcategories&post=2663"},{"taxonomy":"post_tag","embeddable":true,"href":"https:\/\/dalstroka-innafor.net\/index.php?rest_route=%2Fwp%2Fv2%2Ftags&post=2663"}],"curies":[{"name":"wp","href":"https:\/\/api.w.org\/{rel}","templated":true}]}}