{"id":2519,"date":"2016-01-08T20:59:45","date_gmt":"2016-01-08T19:59:45","guid":{"rendered":"http:\/\/dalstroka-innafor.net\/?p=2519"},"modified":"2016-01-08T21:00:11","modified_gmt":"2016-01-08T20:00:11","slug":"i-nauda-et-fanden-floger","status":"publish","type":"post","link":"https:\/\/dalstroka-innafor.net\/?p=2519","title":{"rendered":"I nauda et fanden floger"},"content":{"rendered":"<p>I juni vedtok Stortinget ei <a href=\"https:\/\/www.stortinget.no\/no\/Saker-og-publikasjoner\/Publikasjoner\/Representantforslag\/2015-2016\/dok8-201516-011\/\">lovendring som inneber skjerpa kompetansekrav <\/a>til fag ein l\u00e6rar underviser i p\u00e5 skulen. I og for seg greit nok. Men vedtaket fekk tilbakevirkande kraft, noko som resulterte i at l\u00e6rarar i det ganske land no er i harnisk over denne\u00a0degraderinga av kompetansen til n\u00e6r 30.000 norske l\u00e6rarar. <a href=\"https:\/\/www.utdanningsforbundet.no\/Hovedmeny\/Grunnskole\/Nyheter\/Kompetansekrav-Ber-politikerne-snu\/\">Utdanningsforbundet er ogs\u00e5 p\u00e5 barikadane<\/a>. Like fullt vel styresmaktene \u00e5 st\u00e5 p\u00e5 sitt.<\/p>\n<p>Haustens b\u00f8lgje av flyktningar har gjort at Utdanningsdirektoratet no er i ei skvis.<\/p>\n<p>For <a href=\"http:\/\/www.udir.no\/Spesielt-for\/Minoritetsspraklige-elever\/flyktninger\/skole-og-opplaring\/larerpool\/\">med eitt kan l\u00e6rarar som i sumar vart gjorte kompetanselause over natte, synast \u00e5 vera gode nok i ei krise.<\/a><\/p>\n<p>Sp\u00f8rsm\u00e5let er: har styresmaktene gjort seg fortent til \u00e5 motta st\u00f8tte av l\u00e6rarstanden si dugnads\u00e5nd?<\/p>\n","protected":false},"excerpt":{"rendered":"<p>I juni vedtok Stortinget ei lovendring som inneber skjerpa kompetansekrav til fag ein l\u00e6rar underviser i p\u00e5 skulen. I og for seg greit nok. Men vedtaket fekk tilbakevirkande kraft, noko som resulterte i at l\u00e6rarar i det ganske land no er i harnisk over denne\u00a0degraderinga av kompetansen til n\u00e6r 30.000 norske l\u00e6rarar. Utdanningsforbundet er ogs\u00e5 [&hellip;]<\/p>\n","protected":false},"author":1,"featured_media":0,"comment_status":"open","ping_status":"open","sticky":false,"template":"","format":"standard","meta":{"footnotes":"","_share_on_mastodon":"0"},"categories":[2],"tags":[910,391,911,517,709,909],"class_list":["post-2519","post","type-post","status-publish","format-standard","hentry","category-arbeid","tag-flyktningar","tag-kompetanse","tag-kompetansekrav","tag-norsk","tag-sprak","tag-utdannings"],"share_on_mastodon":{"url":"","error":""},"_links":{"self":[{"href":"https:\/\/dalstroka-innafor.net\/index.php?rest_route=\/wp\/v2\/posts\/2519","targetHints":{"allow":["GET"]}}],"collection":[{"href":"https:\/\/dalstroka-innafor.net\/index.php?rest_route=\/wp\/v2\/posts"}],"about":[{"href":"https:\/\/dalstroka-innafor.net\/index.php?rest_route=\/wp\/v2\/types\/post"}],"author":[{"embeddable":true,"href":"https:\/\/dalstroka-innafor.net\/index.php?rest_route=\/wp\/v2\/users\/1"}],"replies":[{"embeddable":true,"href":"https:\/\/dalstroka-innafor.net\/index.php?rest_route=%2Fwp%2Fv2%2Fcomments&post=2519"}],"version-history":[{"count":2,"href":"https:\/\/dalstroka-innafor.net\/index.php?rest_route=\/wp\/v2\/posts\/2519\/revisions"}],"predecessor-version":[{"id":2521,"href":"https:\/\/dalstroka-innafor.net\/index.php?rest_route=\/wp\/v2\/posts\/2519\/revisions\/2521"}],"wp:attachment":[{"href":"https:\/\/dalstroka-innafor.net\/index.php?rest_route=%2Fwp%2Fv2%2Fmedia&parent=2519"}],"wp:term":[{"taxonomy":"category","embeddable":true,"href":"https:\/\/dalstroka-innafor.net\/index.php?rest_route=%2Fwp%2Fv2%2Fcategories&post=2519"},{"taxonomy":"post_tag","embeddable":true,"href":"https:\/\/dalstroka-innafor.net\/index.php?rest_route=%2Fwp%2Fv2%2Ftags&post=2519"}],"curies":[{"name":"wp","href":"https:\/\/api.w.org\/{rel}","templated":true}]}}