{"id":25,"date":"2007-01-02T00:43:32","date_gmt":"2007-01-01T23:43:32","guid":{"rendered":"http:\/\/www.dalstroka-innafor.net\/2007\/01\/02\/ironien-i-det-heile\/"},"modified":"2007-01-02T00:43:32","modified_gmt":"2007-01-01T23:43:32","slug":"ironien-i-det-heile","status":"publish","type":"post","link":"https:\/\/dalstroka-innafor.net\/?p=25","title":{"rendered":"Ironien i det heile&#8230;"},"content":{"rendered":"<p>D\u00e5 lakkar og lir det s\u00e5 sm\u00e5tt mot ferieslutt. Det har vore ei fin tid. Eg har hatt det s\u00e5 fint som ein kan ha det takka vere den alt for t\u00e5lmodige mammen min. Kleda mine har ho vaska, ikkje har ho vekt meg om morgonane (sj\u00f8l om eg har bedt ho om \u00e5 gj\u00f8ra det n\u00e5r samvitet har r\u00e5dd meg til det), og verdas beste mat har eg og f\u00e5tt! Kort og godt ei draumejul. Takk takk mamma! (og ja, eg seier &laquo;mamma&raquo;&#8230;.hald att t\u00e5ta)<\/p>\n<p>Det einaste som mangla, var eigentleg sn\u00f8en&#8230;som sj\u00f8lvsagt ser ut til \u00e5 finna det for godt \u00e5 leggja seg mjukt over dalen akkurat idet eg, og elles alle dei ferierande rogalendingane som i sine fantasiar om \u00d8vre Sirdal som deira personlege winterwonderland har lagt nytt\u00e5rsfeiringa si til denne lokasjonen, reisar herifr\u00e5 att. F\u00e5r vel berre h\u00e5pe og tru at alt det kvite regnar bort att!<\/p>\n<p>Novel&#8230;det er merkeleg med det, men det sl\u00e5r aldri feil at ved enden av kvar einaste ferie eg kan hugse, s\u00e5 har eg gleda meg til \u00e5 byrje p\u00e5 skulen att. Slik sett er ikkje denne jula ulik nokon av dei f\u00f8reg\u00e5ande. Det er rart med det&#8230;<\/p>\n<p>Men d\u00e5 er det alts\u00e5 berre \u00e5 st\u00e5lsettje seg, og gjere seg klar for tre vekers skulepraksis som sj\u00f8lvsagt kjem ALT for fort p\u00e5 etter ferien. Tr\u00f8ysta f\u00e5r vel vere at det er den siste, og at det stort sett endar opp med \u00e5 vere mykje kjekkare enn det eg hadde tenkt meg p\u00e5 f\u00f8rehand.<\/p>\n<p>S\u00e5 adios Sinnes, HOLA VOLDA!<\/p>\n","protected":false},"excerpt":{"rendered":"<p>D\u00e5 lakkar og lir det s\u00e5 sm\u00e5tt mot ferieslutt. Det har vore ei fin tid. Eg har hatt det s\u00e5 fint som ein kan ha det takka vere den alt for t\u00e5lmodige mammen min. Kleda mine har ho vaska, ikkje har ho vekt meg om morgonane (sj\u00f8l om eg har bedt ho om \u00e5 gj\u00f8ra [&hellip;]<\/p>\n","protected":false},"author":1,"featured_media":0,"comment_status":"open","ping_status":"open","sticky":false,"template":"","format":"standard","meta":{"footnotes":"","_share_on_mastodon":"0"},"categories":[3,12],"tags":[],"class_list":["post-25","post","type-post","status-publish","format-standard","hentry","category-generelt","category-sirdal"],"share_on_mastodon":{"url":"","error":""},"_links":{"self":[{"href":"https:\/\/dalstroka-innafor.net\/index.php?rest_route=\/wp\/v2\/posts\/25","targetHints":{"allow":["GET"]}}],"collection":[{"href":"https:\/\/dalstroka-innafor.net\/index.php?rest_route=\/wp\/v2\/posts"}],"about":[{"href":"https:\/\/dalstroka-innafor.net\/index.php?rest_route=\/wp\/v2\/types\/post"}],"author":[{"embeddable":true,"href":"https:\/\/dalstroka-innafor.net\/index.php?rest_route=\/wp\/v2\/users\/1"}],"replies":[{"embeddable":true,"href":"https:\/\/dalstroka-innafor.net\/index.php?rest_route=%2Fwp%2Fv2%2Fcomments&post=25"}],"version-history":[{"count":0,"href":"https:\/\/dalstroka-innafor.net\/index.php?rest_route=\/wp\/v2\/posts\/25\/revisions"}],"wp:attachment":[{"href":"https:\/\/dalstroka-innafor.net\/index.php?rest_route=%2Fwp%2Fv2%2Fmedia&parent=25"}],"wp:term":[{"taxonomy":"category","embeddable":true,"href":"https:\/\/dalstroka-innafor.net\/index.php?rest_route=%2Fwp%2Fv2%2Fcategories&post=25"},{"taxonomy":"post_tag","embeddable":true,"href":"https:\/\/dalstroka-innafor.net\/index.php?rest_route=%2Fwp%2Fv2%2Ftags&post=25"}],"curies":[{"name":"wp","href":"https:\/\/api.w.org\/{rel}","templated":true}]}}