{"id":2497,"date":"2015-06-11T08:49:40","date_gmt":"2015-06-11T07:49:40","guid":{"rendered":"http:\/\/dalstroka-innafor.net\/?p=2497"},"modified":"2015-06-11T08:54:08","modified_gmt":"2015-06-11T07:54:08","slug":"likmeg","status":"publish","type":"post","link":"https:\/\/dalstroka-innafor.net\/?p=2497","title":{"rendered":"#Likmeg &#8211; ?"},"content":{"rendered":"<p><a href=\"http:\/\/www.nrk.no\/emne\/_likmeg-1.12399653\">#Likmeg er det nye skigardsteiknet fr\u00e5 NRK<\/a> rett f\u00f8r sumaren etter alle sp\u00e5domar skal ta til. Om dette n\u00f8kkelordet seier NRK sj\u00f8lv:<a href=\"https:\/\/dalstroka-innafor.net\/wp-content\/uploads\/2015\/06\/likmeg.png\"><img loading=\"lazy\" decoding=\"async\" class=\"alignright wp-image-2499 size-medium\" src=\"https:\/\/dalstroka-innafor.net\/wp-content\/uploads\/2015\/06\/likmeg-300x283.png\" alt=\"#likmeg\" width=\"300\" height=\"283\" srcset=\"https:\/\/dalstroka-innafor.net\/wp-content\/uploads\/2015\/06\/likmeg-300x283.png 300w, https:\/\/dalstroka-innafor.net\/wp-content\/uploads\/2015\/06\/likmeg.png 1000w\" sizes=\"auto, (max-width: 300px) 100vw, 300px\" \/><\/a><\/p>\n<blockquote>\n<div class=\"fact-body text-body\">\n<ul>\n<li><em>NRK setter s\u00f8kelyset p\u00e5 utseendepresset mange unge f\u00f8ler, konsekvensene av det og \u00e5rsakene til det.<\/em><\/li>\n<li><em>Gjennom #likmeg har alle som vil mulighet til \u00e5 dele meninger, kommentarer, opplevelser og bilder.<\/em><\/li>\n<li><em>P\u00e5 vegne av NRK har Norstat gjennomf\u00f8rt en sp\u00f8rreunders\u00f8kelse. Et representativt utvalg p\u00e5 500 unge mellom 15 og 29 \u00e5r er blant annet spurt om hvordan de ser p\u00e5 sitt eget utseende og hva som p\u00e5virker dem.<\/em><\/li>\n<li><em>If\u00f8lge unders\u00f8kelsen \u00f8nsker 13 prosent av jentene og kvinnene \u00e5 forandre p\u00e5 utseendet ved hjelp av kosmetisk kirurgi og injeksjoner. Fire prosent av guttene og mennene svarer det samme.<\/em><\/li>\n<li><em>Tilsammen 5 prosent av de spurte oppgir at de har f\u00e5tt utf\u00f8rt kosmetisk kirurgi eller injeksjon, der jentene utgj\u00f8r 6 prosent og guttene 4 prosent.<\/em><\/li>\n<\/ul>\n<\/div>\n<\/blockquote>\n<div class=\"fact-body text-body\">\n<p style=\"text-align: right;\"><a href=\"http:\/\/www.nrk.no\/norge\/mener-kroppshysteri-blant-unge-er-et-folkehelseproblem-1.12403112\">Nrk.no &#8211; 11.06.2015<\/a><\/p>\n<p style=\"text-align: left;\">Fyrst av alt. Datagrunnlaget for denne unders\u00f8kinga som Norstat har gjort er ur\u00e5d \u00e5 finna. N\u00e5r det er sagt, s\u00e5 er det litt av ei vinkling journalistane gjer her. 13% av jentene ynskjer \u00e5 endre p\u00e5 utsj\u00e5naden. Det tyder at 87% er N\u00d8GD med utsj\u00e5naden sin. Skulle berre mangle. Sp\u00f8r ein utanlandske menn, er norske damer noko av det flottaste ein ser.<\/p>\n<p style=\"text-align: left;\">Siste punktet over er ogs\u00e5 merkeleg. 5% har alts\u00e5 utf\u00f8rt kosmetisk inngrep. 6% av desse er jenter. Samstundes er 4% gutar&#8230;kven\/kva er d\u00e5 dei resterande 90% som har utf\u00f8rt slike inngrep?<\/p>\n<p style=\"text-align: left;\">Men nok om det. For i same tidsperioden, men p\u00e5 ei ganske anna side av landet enn det Eirin Aardal, Oda Marie Midb\u00f8e, Maria Knoph Vigsn\u00e6s og Marit Gjelland held til om dagen, melder <a href=\"http:\/\/www.nrk.no\/rogaland\/ungdomen-har-sunne-lunsjvanar-1.12399364\">NRK Rogaland at ungdom gjer sunnare val i kvardagen enn nokon gong<\/a>.<\/p>\n<\/div>\n<p style=\"text-align: left;\">I tillegg hadde den dynamiske duoen p\u00e5 Ullandhaug Skj\u00e6veland og Kvindesland eit edrueleg intervju med stortingspolitikar <a href=\"https:\/\/www.stortinget.no\/no\/Representanter-og-komiteer\/Representantene\/Representantfordeling\/Representant\/?perid=SVES\">Sveinung Stensland<\/a> (rett nok ikkje ein ungdom lenger) der han<a href=\"http:\/\/www.vg.no\/forbruker\/helse\/hoeyre\/hoeyres-helsepolitiker-gikk-ned-22-kilo-paa-tre-maaneder-folk-maa-bare-skjerpe-seg\/a\/23468447\/\"> fortel om det VG har skrive om<\/a> han i samband med at han har redusert p\u00e5 fotavtrykket sitt i det siste.<\/p>\n<audio class=\"wp-audio-shortcode\" id=\"audio-2497-1\" preload=\"none\" style=\"width: 100%;\" controls=\"controls\"><source type=\"audio\/ogg\" src=\"https:\/\/dalstroka-innafor.net\/wp-content\/uploads\/2015\/06\/Media-Kropp-og-helse-Rogaland.ogg?_=1\" \/><a href=\"https:\/\/dalstroka-innafor.net\/wp-content\/uploads\/2015\/06\/Media-Kropp-og-helse-Rogaland.ogg\">https:\/\/dalstroka-innafor.net\/wp-content\/uploads\/2015\/06\/Media-Kropp-og-helse-Rogaland.ogg<\/a><\/audio>\n<p>Det som er litt finurleg \u00e5 merka seg, er journalistane bak desse sakene.<\/p>\n<p>#Likmeg synest \u00e5 vera eit oppkok fr\u00e5 fire unge damer, mange (eller alle?) med bakgrunn fr\u00e5 journalistutdanninga i Volda. VG si sak, som p\u00e5 ein m\u00e5te er motvekta til #Likmeg, er herrane Skarv\u00f8y, Mosveen og Bringsdal. Gjer eg med \u00e5 poengtera dette til ei sak om kj\u00f8nn? Om land og by? Om navlebeskuande journalistikk i den hippe og kule Oslogryta? Ikkje veit eg! Men n\u00e5r 87% av ungdom som nemnt er n\u00f8gde med kroppen sin, ja d\u00e5 er vel eigentleg dette eit ikkje-sak. Agurknytt kunne ein gjerne ha kalla det. Om det var sumar. Det er det ikkje end\u00e5.<\/p>\n<p>Og s\u00e5 til sist. Handlar #Likmeg om \u00e5 lika nokon for den ein er? Eller handlar det om at ein vil vera lik andre?<\/p>\n<p>Men noko om det. I motsetnad til Audun Lysbakken, som f\u00f8r ungen sin med \u00e5 skriva bok i farsperisjonen, har eg eit surdeigsbr\u00f8d \u00e5 ta meg av no. #ikkjeungdomlengerogetsomegvil<\/p>\n<hr \/>\n<p>&nbsp;<\/p>\n<p>2015.06.09 &#8211; <a href=\"http:\/\/www.nrk.no\/rogaland\/ungdomen-har-sunne-lunsjvanar-1.12399364\">http:\/\/www.nrk.no\/rogaland\/ungdomen-har-sunne-lunsjvanar-1.12399364<\/a><\/p>\n<p>2015.06.10 &#8211; <a href=\"http:\/\/www.nrk.no\/norge\/en-av-ti-unge-vil-endre-pa-utseendet-1.12399764\">http:\/\/www.nrk.no\/norge\/en-av-ti-unge-vil-endre-pa-utseendet-1.12399764<\/a><br \/>\n2015.06.10 &#8211; <a href=\"http:\/\/www.nrk.no\/norge\/ungdommer-er-lei_-_-utseendepresset-er-umulig-1.12399890\">http:\/\/www.nrk.no\/norge\/ungdommer-er-lei_-_-utseendepresset-er-umulig-1.12399890<\/a><br \/>\n2015.06.10 &#8211; <a href=\"http:\/\/www.nrk.no\/norge\/derfor-er-vi-misfornoyd-med-utseendet-1.12399811\">http:\/\/www.nrk.no\/norge\/derfor-er-vi-misfornoyd-med-utseendet-1.12399811<\/a><\/p>\n<p>2015.06.11 &#8211; <a href=\"http:\/\/www.nrk.no\/norge\/mener-kroppshysteri-blant-unge-er-et-folkehelseproblem-1.12403112\">http:\/\/www.nrk.no\/norge\/mener-kroppshysteri-blant-unge-er-et-folkehelseproblem-1.12403112<\/a><br \/>\n2015.06.11 &#8211; <a href=\"http:\/\/www.vg.no\/forbruker\/helse\/hoeyre\/hoeyres-helsepolitiker-gikk-ned-22-kilo-paa-tre-maaneder-folk-maa-bare-skjerpe-seg\/a\/23468447\/\">http:\/\/www.vg.no\/forbruker\/helse\/hoeyre\/hoeyres-helsepolitiker-gikk-ned-22-kilo-paa-tre-maaneder-folk-maa-bare-skjerpe-seg\/a\/23468447\/<\/a><\/p>\n","protected":false},"excerpt":{"rendered":"<p>#Likmeg er det nye skigardsteiknet fr\u00e5 NRK rett f\u00f8r sumaren etter alle sp\u00e5domar skal ta til. Om dette n\u00f8kkelordet seier NRK sj\u00f8lv: NRK setter s\u00f8kelyset p\u00e5 utseendepresset mange unge f\u00f8ler, konsekvensene av det og \u00e5rsakene til det. Gjennom #likmeg har alle som vil mulighet til \u00e5 dele meninger, kommentarer, opplevelser og bilder. P\u00e5 vegne av [&hellip;]<\/p>\n","protected":false},"author":1,"featured_media":0,"comment_status":"open","ping_status":"open","sticky":false,"template":"","format":"standard","meta":{"footnotes":"","_share_on_mastodon":"0"},"categories":[3],"tags":[886,472,887],"class_list":["post-2497","post","type-post","status-publish","format-standard","hentry","category-generelt","tag-kropp","tag-media","tag-ungdom"],"share_on_mastodon":{"url":"","error":""},"_links":{"self":[{"href":"https:\/\/dalstroka-innafor.net\/index.php?rest_route=\/wp\/v2\/posts\/2497","targetHints":{"allow":["GET"]}}],"collection":[{"href":"https:\/\/dalstroka-innafor.net\/index.php?rest_route=\/wp\/v2\/posts"}],"about":[{"href":"https:\/\/dalstroka-innafor.net\/index.php?rest_route=\/wp\/v2\/types\/post"}],"author":[{"embeddable":true,"href":"https:\/\/dalstroka-innafor.net\/index.php?rest_route=\/wp\/v2\/users\/1"}],"replies":[{"embeddable":true,"href":"https:\/\/dalstroka-innafor.net\/index.php?rest_route=%2Fwp%2Fv2%2Fcomments&post=2497"}],"version-history":[{"count":3,"href":"https:\/\/dalstroka-innafor.net\/index.php?rest_route=\/wp\/v2\/posts\/2497\/revisions"}],"predecessor-version":[{"id":2502,"href":"https:\/\/dalstroka-innafor.net\/index.php?rest_route=\/wp\/v2\/posts\/2497\/revisions\/2502"}],"wp:attachment":[{"href":"https:\/\/dalstroka-innafor.net\/index.php?rest_route=%2Fwp%2Fv2%2Fmedia&parent=2497"}],"wp:term":[{"taxonomy":"category","embeddable":true,"href":"https:\/\/dalstroka-innafor.net\/index.php?rest_route=%2Fwp%2Fv2%2Fcategories&post=2497"},{"taxonomy":"post_tag","embeddable":true,"href":"https:\/\/dalstroka-innafor.net\/index.php?rest_route=%2Fwp%2Fv2%2Ftags&post=2497"}],"curies":[{"name":"wp","href":"https:\/\/api.w.org\/{rel}","templated":true}]}}