{"id":2480,"date":"2015-04-14T20:32:39","date_gmt":"2015-04-14T19:32:39","guid":{"rendered":"http:\/\/dalstroka-innafor.net\/?p=2480"},"modified":"2015-04-14T20:32:39","modified_gmt":"2015-04-14T19:32:39","slug":"jord-og-vatn","status":"publish","type":"post","link":"https:\/\/dalstroka-innafor.net\/?p=2480","title":{"rendered":"Jord og vatn"},"content":{"rendered":"<p><a href=\"https:\/\/www.regjeringen.no\/nb\/aktuelt\/2015-er-det-internasjonale-aret-for-vern-av-matjord\/id2357320\/\">Regjeringa<\/a>, p\u00e5 <a href=\"http:\/\/www.fao.org\/soils-2015\/news\/news-detail\/en\/c\/271795\/\">oppmoding fr\u00e5 FN<\/a>, sette tidlegare i \u00e5r sette fokus p\u00e5 jordvern.<\/p>\n<p>Jord<span style=\"text-decoration: underline;\">vern<\/span>.<\/p>\n<p>Ikkje jordliv alts\u00e5. Men jord<span style=\"text-decoration: underline;\">vern<\/span>. Politikken har lagd nokre f\u00f8ringar for ordvalget her.<\/p>\n<p>Men nok om det.<\/p>\n<p>P\u00e5 denne kloden er det ein del jord, men mest vatn. Mesteparten av dette vatnet er salt, frose, forureina eller finst som vassdamp.<\/p>\n<p>Heldigvis er det litt att igjen til oss slik at me kan nyttegjera oss av det i v\u00e5r stadige jakt p\u00e5 auka matproduksjon. Trass i at <a href=\"http:\/\/www.imeche.org\/knowledge\/themes\/environment\/global-food?WT.mc_id=HP_130007\">opp mot halvparten av det me evnar \u00e5 trylla fram av matvarer, aldri ender opp p\u00e5 middagsbordet<\/a>. Mykje vert og nytta i kraftproduksjon, vassflasketapping, bilvasking, badebassengoppfylling&#8230;.og lista kunne ha vore lang som eit vondt \u00e5r.<\/p>\n<p>Eller &laquo;som eit turt \u00e5r&raquo;, som dei gjerne seier i California. Der er dei no inne i fjerde \u00e5ret med turke. I morgong, 15 april, er den <a href=\"https:\/\/thegreenhorns.wordpress.com\/2015\/04\/13\/california-agriculture-drought-and-politics\/\">blaute vintersesongen offisielt slutt<\/a>. Som eit resultat av det har <a href=\"http:\/\/www.waterboards.ca.gov\/waterrights\/water_issues\/programs\/drought\/emergency_regulations_waterconservation.shtml\">Guvern\u00f8ren i California innf\u00f8rt vassrestriksjonar<\/a>.<\/p>\n<p>Det kunne ein h\u00f8yra om p\u00e5 <a href=\"http:\/\/podkast.nrk.no\/fil\/kulturhuset\/NRKLT65931_B8233C91939D4D46B7CDF9334CC32426.MP3?stat=1&amp;pks=90078\">P2&#8217;s <em>Kulturhuset<\/em> i dag<\/a>.<\/p>\n<p>NRK har ogs\u00e5 hatt fokus p\u00e5 andre delar av verda som er i vasstrubbel. Brasil. Sao Paolo. Der hadde dei i februar den blautaste m\u00e5naden sidan 1995, med alt det f\u00f8rde med seg av flaum og f\u00f8lgjene av slikt. <a href=\"http:\/\/podkast.nrk.no\/fil\/ekko_-_et_aktuelt_samfunnsprogram\/NRKLT65568_8D442BC13122486FB7D281336A6E7094.MP3?stat=1&amp;pks=89974\">No er det derimot stikk motsett<\/a> der. <a href=\"http:\/\/podkast.nrk.no\/fil\/ekko_-_et_aktuelt_samfunnsprogram\/NRKLT62801_0009C6DB04C2477F84092817A1ACDDCE.MP3?stat=1&amp;pks=90037\">Dei har ikkje lenger vatn<\/a>.<\/p>\n<p>I innslaget p\u00e5 <em>Kulturhuset <\/em>vart ogs\u00e5 snakka om effektane av vassmangel. Spesielt p\u00e5 det Afrikanske kontinent. Filmen &laquo;<a href=\"https:\/\/vimeo.com\/103528480\"><em>When the water ends<\/em><\/a>&raquo; handlar om nett dette temaet.<\/p>\n<p><iframe loading=\"lazy\" src=\"https:\/\/player.vimeo.com\/video\/103528480\" width=\"500\" height=\"281\" frameborder=\"0\" allowfullscreen=\"allowfullscreen\"><\/iframe><\/p>\n<p>Men ogs\u00e5 i Noreg har vi til tider problem med vatn. F\u00f8r jul i 2014, var heile Noregs fokus retta mot Mannen, som til sist ikkje ville ned d\u00e5 media hadde linsa retta mot han. Her kunne litt god, gamaldags frostsprenging ha gjeve journalistar eit scoop, og fastbuande i lite hyggeleg juleg\u00e5ve.<\/p>\n<p>Tidlegare i haust herja ogs\u00e5 vatnet her p\u00e5 vestlandet. <a href=\"http:\/\/www.google.no\/url?sa=t&amp;rct=j&amp;q=&amp;esrc=s&amp;source=web&amp;cd=5&amp;cad=rja&amp;uact=8&amp;ved=0CCsQFjAE&amp;url=http%3A%2F%2Fwww.nrk.no%2Fhordaland%2F200-ars-flom-pa-voss_-_-ikke-ga-ut-1.12012049&amp;ei=MmYtVa3kMoStswGJ44CoCA&amp;usg=AFQjCNEGo5NNyt4RTNvUN632Z2fD_JoDPg&amp;sig2=PhDc-pmE6Y6ulypO7Cy4gQ&amp;bvm=bv.90790515,d.bGg\">Voss<\/a>, <a href=\"http:\/\/www.google.no\/url?sa=t&amp;rct=j&amp;q=&amp;esrc=s&amp;source=web&amp;cd=5&amp;cad=rja&amp;uact=8&amp;ved=0CCoQFjAE&amp;url=http%3A%2F%2Fwww.aftenposten.no%2Fnyheter%2Firiks%2FElleve-hus-og-fire-broer-tatt-av-flom-i-Odda-og-Flam-7764007.html&amp;ei=bmYtVab9BIObsgH__YCQBQ&amp;usg=AFQjCNEnvnAuYmT17s12jTtabEwHO6aLrg&amp;sig2=NiRgCQVkb8SI55iVCyOtDw&amp;bvm=bv.90790515,d.bGg\">Fl\u00e5m og Odda<\/a> var nokre av stadene som fekk kj\u00f8rt seg etter uhorveleg mykje nedb\u00f8r p\u00e5 kun kort tid.<\/p>\n<p><a href=\"http:\/\/www.nrk.no\/norge\/_stor-brannfare-ved-hele-vestkysten-1.11506830\">Same \u00e5ret var ogs\u00e5 det motsette tilfelle<\/a>. Som i Sao Paolo. Kven skulle vel tru at vi hadde turke her i Noreg?<\/p>\n<p><a href=\"http:\/\/podkast.nrk.no\/fil\/ekko_-_et_aktuelt_samfunnsprogram\/NRKLT62800_0EEEB8265D0F419FA1D8EA67ACD41D2C.MP3?stat=1&amp;pks=89966\">Her kjem eit anna innslag fr\u00e5 NRK, og programposten Ekko<\/a>, passande inn. I dette var biologar fr\u00e5 SABIMA (Samarbeidsr\u00e5d for bilogisk mangfold) intervjua om <em>myra<\/em> si rolle i Noreg. Som habitat, og ikkje minst som <span style=\"text-decoration: underline;\">svamp<\/span>.<\/p>\n<p>At me mister stadig fleire av vassbufferane her til lands er ei kjennsgjerning. <a href=\"https:\/\/www.regjeringen.no\/nb\/dep\/sd\/org\/samferdselsminister-ketil-solvik-olsen\/id742930\/\">Sammferdselsdepartementet<\/a> turer p\u00e5 det ein kan, for \u00e5 leggje til rette for at <a href=\"https:\/\/www.regjeringen.no\/nb\/dep\/fin\/org\/finansminister-siv-jensen\/id742945\/\">Finansdepartementet<\/a> skal f\u00e5 best mogleg arbeidtilh\u00f8ve (dvs. kortast mogleg tid fr\u00e5 A til B), slik at me kan <a href=\"http:\/\/en.wikipedia.org\/wiki\/List_of_countries_by_GDP_%28nominal%29\">halde plassen p\u00e5 GDP-lista<\/a>.<\/p>\n<p>Heilheitlig planlegging kallast det gjerne. Eit nytt <a href=\"http:\/\/www.nrk.no\/norge\/130-milliarder-til-disse-sju-veistrekningene-1.12308770\">selskap vert oppretta for \u00e5 byggje end\u00e5 fleire og rettare vegar<\/a>, og s\u00e5 kjem rekningar flytande i ein v\u00e5r eller haustflaum om nokre \u00e5r. D\u00e5 er det opp til det same storsamfunnet \u00e5 hjelpe den vesle familien som stend der makteslause mot naturkreftene.<\/p>\n","protected":false},"excerpt":{"rendered":"<p>Regjeringa, p\u00e5 oppmoding fr\u00e5 FN, sette tidlegare i \u00e5r sette fokus p\u00e5 jordvern. Jordvern. Ikkje jordliv alts\u00e5. Men jordvern. Politikken har lagd nokre f\u00f8ringar for ordvalget her. Men nok om det. P\u00e5 denne kloden er det ein del jord, men mest vatn. Mesteparten av dette vatnet er salt, frose, forureina eller finst som vassdamp. Heldigvis [&hellip;]<\/p>\n","protected":false},"author":1,"featured_media":0,"comment_status":"open","ping_status":"open","sticky":false,"template":"","format":"standard","meta":{"footnotes":"","_share_on_mastodon":"0"},"categories":[6,10],"tags":[479,572,823],"class_list":["post-2480","post","type-post","status-publish","format-standard","hentry","category-milj-2","category-politikk","tag-milj","tag-planlegging","tag-vatn"],"share_on_mastodon":{"url":"","error":""},"_links":{"self":[{"href":"https:\/\/dalstroka-innafor.net\/index.php?rest_route=\/wp\/v2\/posts\/2480","targetHints":{"allow":["GET"]}}],"collection":[{"href":"https:\/\/dalstroka-innafor.net\/index.php?rest_route=\/wp\/v2\/posts"}],"about":[{"href":"https:\/\/dalstroka-innafor.net\/index.php?rest_route=\/wp\/v2\/types\/post"}],"author":[{"embeddable":true,"href":"https:\/\/dalstroka-innafor.net\/index.php?rest_route=\/wp\/v2\/users\/1"}],"replies":[{"embeddable":true,"href":"https:\/\/dalstroka-innafor.net\/index.php?rest_route=%2Fwp%2Fv2%2Fcomments&post=2480"}],"version-history":[{"count":1,"href":"https:\/\/dalstroka-innafor.net\/index.php?rest_route=\/wp\/v2\/posts\/2480\/revisions"}],"predecessor-version":[{"id":2481,"href":"https:\/\/dalstroka-innafor.net\/index.php?rest_route=\/wp\/v2\/posts\/2480\/revisions\/2481"}],"wp:attachment":[{"href":"https:\/\/dalstroka-innafor.net\/index.php?rest_route=%2Fwp%2Fv2%2Fmedia&parent=2480"}],"wp:term":[{"taxonomy":"category","embeddable":true,"href":"https:\/\/dalstroka-innafor.net\/index.php?rest_route=%2Fwp%2Fv2%2Fcategories&post=2480"},{"taxonomy":"post_tag","embeddable":true,"href":"https:\/\/dalstroka-innafor.net\/index.php?rest_route=%2Fwp%2Fv2%2Ftags&post=2480"}],"curies":[{"name":"wp","href":"https:\/\/api.w.org\/{rel}","templated":true}]}}