{"id":2451,"date":"2014-06-23T17:57:54","date_gmt":"2014-06-23T17:57:54","guid":{"rendered":"http:\/\/dalstroka-innafor.net.s13.subsys.net\/?p=2451"},"modified":"2014-06-23T17:57:54","modified_gmt":"2014-06-23T17:57:54","slug":"ferie","status":"publish","type":"post","link":"https:\/\/dalstroka-innafor.net\/?p=2451","title":{"rendered":"Ferie"},"content":{"rendered":"<p>I \u00e5r har eg ferie. Ferie slik ein ein urban lesar tenkjer p\u00e5 ordet ferie. For ferie for meg er \u00e5 vera heime. Heime p\u00e5 Sinnes. Med dei lukter og lydar som ein kjem ut for n\u00e5r ein g\u00e5r i sl\u00e5tten. For fyrste gong p\u00e5 33 \u00e5r vil perioden mellom skule\u00e5ra best\u00e5 av noko anna enn \u00e5 sl\u00e5, turke og h\u00f8ye gras. Og det er ikkje s\u00e5 reint lite vemod over nettopp det!<\/p>\n<p><a href=\"https:\/\/dalstroka-innafor.net.s13.subsys.net\/wp-content\/uploads\/2014\/06\/wpid-wp-1403545583677.jpeg\"><img decoding=\"async\" title=\"S\u00e5tedraum\" class=\"alignright size-full\" alt=\"image\" src=\"https:\/\/dalstroka-innafor.net.s13.subsys.net\/wp-content\/uploads\/2014\/06\/wpid-wp-1403545583677.jpeg\" \/><\/a><\/p>\n<p>I g\u00e5r tok eg turen til Stavanger botaniske hage der dei hadde sleie blomsterenga si, og sidan veret har vore godt i \u00e5r, hadde graset turka. Det var til og med raka i saman i s\u00e5ter, s\u00e5 n\u00e5r eg gjekk p\u00e5 desse kunne eg ikkje la vere \u00e5 ta meg ein god pause og verkeleg suga inn den deilige lukta som for meg er synonymt med sumar.<\/p>\n<p>Eg har difor bestemt meg for at eg m\u00e5 f\u00e5 litt av sl\u00e5ttonna med meg, same kva som dukkar opp. Det vert berre ikkje fullt s\u00e5 mykje i \u00e5r som tidlegare \u00e5r. Men vidaref\u00f8rast m\u00e5 det&#8230;<\/p>\n","protected":false},"excerpt":{"rendered":"<p>I \u00e5r har eg ferie. Ferie slik ein ein urban lesar tenkjer p\u00e5 ordet ferie. For ferie for meg er \u00e5 vera heime. Heime p\u00e5 Sinnes. Med dei lukter og lydar som ein kjem ut for n\u00e5r ein g\u00e5r i sl\u00e5tten. For fyrste gong p\u00e5 33 \u00e5r vil perioden mellom skule\u00e5ra best\u00e5 av noko anna [&hellip;]<\/p>\n","protected":false},"author":1,"featured_media":0,"comment_status":"open","ping_status":"open","sticky":false,"template":"","format":"standard","meta":{"footnotes":"","_share_on_mastodon":"0"},"categories":[9,12],"tags":[890,200,896,687,738],"class_list":["post-2451","post","type-post","status-publish","format-standard","hentry","category-personleg","category-sirdal","tag-arbeid","tag-ferie","tag-sirdal","tag-slatt","tag-sumar"],"share_on_mastodon":{"url":"","error":""},"_links":{"self":[{"href":"https:\/\/dalstroka-innafor.net\/index.php?rest_route=\/wp\/v2\/posts\/2451","targetHints":{"allow":["GET"]}}],"collection":[{"href":"https:\/\/dalstroka-innafor.net\/index.php?rest_route=\/wp\/v2\/posts"}],"about":[{"href":"https:\/\/dalstroka-innafor.net\/index.php?rest_route=\/wp\/v2\/types\/post"}],"author":[{"embeddable":true,"href":"https:\/\/dalstroka-innafor.net\/index.php?rest_route=\/wp\/v2\/users\/1"}],"replies":[{"embeddable":true,"href":"https:\/\/dalstroka-innafor.net\/index.php?rest_route=%2Fwp%2Fv2%2Fcomments&post=2451"}],"version-history":[{"count":1,"href":"https:\/\/dalstroka-innafor.net\/index.php?rest_route=\/wp\/v2\/posts\/2451\/revisions"}],"predecessor-version":[{"id":2452,"href":"https:\/\/dalstroka-innafor.net\/index.php?rest_route=\/wp\/v2\/posts\/2451\/revisions\/2452"}],"wp:attachment":[{"href":"https:\/\/dalstroka-innafor.net\/index.php?rest_route=%2Fwp%2Fv2%2Fmedia&parent=2451"}],"wp:term":[{"taxonomy":"category","embeddable":true,"href":"https:\/\/dalstroka-innafor.net\/index.php?rest_route=%2Fwp%2Fv2%2Fcategories&post=2451"},{"taxonomy":"post_tag","embeddable":true,"href":"https:\/\/dalstroka-innafor.net\/index.php?rest_route=%2Fwp%2Fv2%2Ftags&post=2451"}],"curies":[{"name":"wp","href":"https:\/\/api.w.org\/{rel}","templated":true}]}}