{"id":2444,"date":"2014-05-07T15:38:00","date_gmt":"2014-05-07T15:38:00","guid":{"rendered":"http:\/\/dalstroka-innafor.net.s13.subsys.net\/?p=2444"},"modified":"2014-05-07T15:38:00","modified_gmt":"2014-05-07T15:38:00","slug":"kikk-opp","status":"publish","type":"post","link":"https:\/\/dalstroka-innafor.net\/?p=2444","title":{"rendered":"Kikk opp"},"content":{"rendered":"<p>Dei moderne &laquo;sosiale media&raquo; har gjort noko med oss dei siste \u00e5ra. D\u00e5 eg var i barneskulealder, var det vanleg \u00e5 ringa heim p\u00e5 fasttelefonen for \u00e5 h\u00f8yra om nokon var heime. Var dei ferdige med leksene? Kunne me leika?<\/p>\n<p>Og s\u00e5 sprang med ut, litt for tynt kledde, i den kj\u00f8lige v\u00e5rlufta. For \u00e5 leka lite vink, jeppa pinne, spela d\u00f8dball eller anti over.<\/p>\n<p>Der heldt me det g\u00e5ande lenge. Antan til ein hadde f\u00e5tt bekjed om \u00e5 innfinna seg heime att, eller til m\u00f8rkret fall p\u00e5 og det ikkje lenger var prakisk mogleg \u00e5 sj\u00e5 ballen.<\/p>\n<p>Eg g\u00e5r ut i fr\u00e5 at me var sosiale. P\u00e5 eit vis. Utan media. Med snakka saman. Leika saman. Krangla. Sl\u00e5ss. Fann p\u00e5 kjekke ting, ting som var farlege, ting med visste me ikkje hadde lov til.<\/p>\n<p>No er born sosiale n\u00e5r dei er p\u00e5 sosiale medier. Det er slik dei samhandlar. Men er det samhandling? N\u00e5r en vet kor mykje av kommunikasjonen som er ikkje-verbal?<\/p>\n<p>Gary Turk har sagt nokre passande ord om nettopp dette temaet i denne videon. Sj\u00e5 han. Og sl\u00e5 av.<\/p>\n<p><iframe loading=\"lazy\" src=\"\/\/www.youtube.com\/embed\/Z7dLU6fk9QY?rel=0\" width=\"560\" height=\"315\" frameborder=\"0\" allowfullscreen=\"allowfullscreen\"><\/iframe><\/p>\n","protected":false},"excerpt":{"rendered":"<p>Dei moderne &laquo;sosiale media&raquo; har gjort noko med oss dei siste \u00e5ra. D\u00e5 eg var i barneskulealder, var det vanleg \u00e5 ringa heim p\u00e5 fasttelefonen for \u00e5 h\u00f8yra om nokon var heime. Var dei ferdige med leksene? Kunne me leika? Og s\u00e5 sprang med ut, litt for tynt kledde, i den kj\u00f8lige v\u00e5rlufta. For \u00e5 [&hellip;]<\/p>\n","protected":false},"author":1,"featured_media":0,"comment_status":"open","ping_status":"open","sticky":false,"template":"","format":"standard","meta":{"footnotes":"","_share_on_mastodon":"0"},"categories":[4,9,13],"tags":[159,891,863,542,629,699],"class_list":["post-2444","post","type-post","status-publish","format-standard","hentry","category-ikt","category-personleg","category-utdanning","tag-dikt","tag-ikt","tag-interaksjonar","tag-oppvekst","tag-samfunn","tag-sosiale-media"],"share_on_mastodon":{"url":"","error":""},"_links":{"self":[{"href":"https:\/\/dalstroka-innafor.net\/index.php?rest_route=\/wp\/v2\/posts\/2444","targetHints":{"allow":["GET"]}}],"collection":[{"href":"https:\/\/dalstroka-innafor.net\/index.php?rest_route=\/wp\/v2\/posts"}],"about":[{"href":"https:\/\/dalstroka-innafor.net\/index.php?rest_route=\/wp\/v2\/types\/post"}],"author":[{"embeddable":true,"href":"https:\/\/dalstroka-innafor.net\/index.php?rest_route=\/wp\/v2\/users\/1"}],"replies":[{"embeddable":true,"href":"https:\/\/dalstroka-innafor.net\/index.php?rest_route=%2Fwp%2Fv2%2Fcomments&post=2444"}],"version-history":[{"count":1,"href":"https:\/\/dalstroka-innafor.net\/index.php?rest_route=\/wp\/v2\/posts\/2444\/revisions"}],"predecessor-version":[{"id":2445,"href":"https:\/\/dalstroka-innafor.net\/index.php?rest_route=\/wp\/v2\/posts\/2444\/revisions\/2445"}],"wp:attachment":[{"href":"https:\/\/dalstroka-innafor.net\/index.php?rest_route=%2Fwp%2Fv2%2Fmedia&parent=2444"}],"wp:term":[{"taxonomy":"category","embeddable":true,"href":"https:\/\/dalstroka-innafor.net\/index.php?rest_route=%2Fwp%2Fv2%2Fcategories&post=2444"},{"taxonomy":"post_tag","embeddable":true,"href":"https:\/\/dalstroka-innafor.net\/index.php?rest_route=%2Fwp%2Fv2%2Ftags&post=2444"}],"curies":[{"name":"wp","href":"https:\/\/api.w.org\/{rel}","templated":true}]}}