{"id":2388,"date":"2013-12-06T21:31:23","date_gmt":"2013-12-06T20:31:23","guid":{"rendered":"http:\/\/www.dalstroka-innafor.net\/?p=2388"},"modified":"2013-12-06T21:31:23","modified_gmt":"2013-12-06T20:31:23","slug":"juletremafiaen-pa-tokt","status":"publish","type":"post","link":"https:\/\/dalstroka-innafor.net\/?p=2388","title":{"rendered":"Juletremafiaen p\u00e5 tokt"},"content":{"rendered":"<p>Snart jul. Tusenvis av juletre vert importert fr\u00e5 Danmark, Estland og andre stader der ein tener til livets opphald med \u00e5 supplere toppen av pyramiden med ting og tang som kan gjere livet enklare eller meir glamor\u00f8st.<\/p>\n<p>Det passa difor perfekt for juletremafiaen p\u00e5 Tjensvoll at <a href=\"http:\/\/no.wikipedia.org\/wiki\/Liste_over_ekstremv%C3%A6r_i_Norge\">Bodil\/Sven<\/a> tok turen innom v\u00e5r langstrakte kyst for ein f\u00f8rhjulsvisitt. Fotefara kan ein f\u00f8lgje fr\u00e5 rotvelt til rotvelt, via trampolinar klistra i husveggar til tak som ligg tippa p\u00e5 hovudet i ein heller unaturleg positur.<\/p>\n<p>Tilfeldighetane ville ha det til at underteikna juletremafiast tok bussen til arbeid i dag, og i skogbrynet nedanom NRK Rogaland sine lokale p\u00e5 Ullandhaug l\u00e5g eit f\u00e5retre og sleikte sine s\u00e5r etter ein litt for heftig runddans med Bodil\/Sven i g\u00e5r kveld. Men toppen s\u00e5g fin ut&#8230;<\/p>\n<p>Nokre timar seinare hadde eg og min kl\u00f8ktige medsammensvorne samla saman utstyret for eit nattleg tokt i jakta p\u00e5 juletre anno 2013, for her l\u00e5g moglegheitane godt til rette for heilt naturleg gjenbruk!<\/p>\n<p>Planen gjekk glattare enn Rogalendingar ned Gravassryggen p\u00e5 sumardekk! Fluktbilen vart parket p\u00e5 ein m\u00f8rk, avsidesliggjande skogsveg, hovudlykt dobbelsjekka og kappeverkt\u00f8yet plassert lett tilgjengeleg i lomma. Planen vart iverksett.<\/p>\n<p>Kun kort tid etterp\u00e5 var toppen p\u00e5 nedfallsf\u00e5ra, \u00e5rets potensielle juletre, avsagd i passande lengd. No gjenstod berre ein siste kvalitetssjekk f\u00f8r byttet var klart for heimtransport.<\/p>\n<p>Det var d\u00e5 ting byrja \u00e5 skurre i planen.<\/p>\n<p>Juletremafiast X var ved n\u00e6rare ettersyn langt i fr\u00e5 n\u00f8gd med bytets estetiske utforming. Her hadde Bodil\/Sven vore litt for hardhendt, og etterlete seg v\u00e5rt utpekte m\u00e5l i ein letare forfallen tilstand. Bytet vart kassert og juletremafiastane trekte seg attende i dei same fotefara dei nett hadde lage i nysn\u00f8en. Ikkje eingong ein ninja kunne forsvunne meir umerka!<\/p>\n<p>Juletremafiaen tapte slaget i kveld, men jakta er end\u00e5 ikkje over. Det er fortsatt tre lys att \u00e5 tenne p\u00e5 lysestaken. Enno er det tid&#8230;<\/p>\n<p><a href=\"http:\/\/www.dalstroka-innafor.net\/wp-content\/uploads\/\/2013\/12\/20131209_1.jpg\" rel=\"lightbox[juletremafia]\"><img loading=\"lazy\" decoding=\"async\" class=\"aligncenter size-thumbnail wp-image-2389\" alt=\"Klare til tokt\" src=\"http:\/\/www.dalstroka-innafor.net\/wp-content\/uploads\/\/2013\/12\/20131209_1-150x150.jpg\" width=\"150\" height=\"150\" \/><\/a><br \/>\n<a href=\"http:\/\/www.dalstroka-innafor.net\/wp-content\/uploads\/\/2013\/12\/20131209_4.jpg\" rel=\"lightbox[juletremafia]\"><\/a><br \/>\n<a href=\"http:\/\/www.dalstroka-innafor.net\/wp-content\/uploads\/\/2013\/12\/20131209_2.jpg\" rel=\"lightbox[juletremafia]\"><\/a><br \/>\n<a href=\"http:\/\/www.dalstroka-innafor.net\/wp-content\/uploads\/\/2013\/12\/20131209_3.jpg\" rel=\"lightbox[juletremafia]\"><\/a> <\/p>\n","protected":false},"excerpt":{"rendered":"<p>Snart jul. Tusenvis av juletre vert importert fr\u00e5 Danmark, Estland og andre stader der ein tener til livets opphald med \u00e5 supplere toppen av pyramiden med ting og tang som kan gjere livet enklare eller meir glamor\u00f8st. Det passa difor perfekt for juletremafiaen p\u00e5 Tjensvoll at Bodil\/Sven tok turen innom v\u00e5r langstrakte kyst for ein [&hellip;]<\/p>\n","protected":false},"author":1,"featured_media":0,"comment_status":"open","ping_status":"open","sticky":false,"template":"","format":"standard","meta":{"footnotes":"","_share_on_mastodon":"0"},"categories":[16,7],"tags":[27,362,773,796],"class_list":["post-2388","post","type-post","status-publish","format-standard","hentry","category-friluftsliv","category-moro","tag-27","tag-juletre","tag-tjensvoll","tag-ullandhaug"],"share_on_mastodon":{"url":"","error":""},"_links":{"self":[{"href":"https:\/\/dalstroka-innafor.net\/index.php?rest_route=\/wp\/v2\/posts\/2388","targetHints":{"allow":["GET"]}}],"collection":[{"href":"https:\/\/dalstroka-innafor.net\/index.php?rest_route=\/wp\/v2\/posts"}],"about":[{"href":"https:\/\/dalstroka-innafor.net\/index.php?rest_route=\/wp\/v2\/types\/post"}],"author":[{"embeddable":true,"href":"https:\/\/dalstroka-innafor.net\/index.php?rest_route=\/wp\/v2\/users\/1"}],"replies":[{"embeddable":true,"href":"https:\/\/dalstroka-innafor.net\/index.php?rest_route=%2Fwp%2Fv2%2Fcomments&post=2388"}],"version-history":[{"count":0,"href":"https:\/\/dalstroka-innafor.net\/index.php?rest_route=\/wp\/v2\/posts\/2388\/revisions"}],"wp:attachment":[{"href":"https:\/\/dalstroka-innafor.net\/index.php?rest_route=%2Fwp%2Fv2%2Fmedia&parent=2388"}],"wp:term":[{"taxonomy":"category","embeddable":true,"href":"https:\/\/dalstroka-innafor.net\/index.php?rest_route=%2Fwp%2Fv2%2Fcategories&post=2388"},{"taxonomy":"post_tag","embeddable":true,"href":"https:\/\/dalstroka-innafor.net\/index.php?rest_route=%2Fwp%2Fv2%2Ftags&post=2388"}],"curies":[{"name":"wp","href":"https:\/\/api.w.org\/{rel}","templated":true}]}}