{"id":2287,"date":"2013-05-07T22:00:21","date_gmt":"2013-05-07T20:00:21","guid":{"rendered":"http:\/\/www.dalstroka-innafor.net\/?p=2287"},"modified":"2013-05-07T22:00:21","modified_gmt":"2013-05-07T20:00:21","slug":"samfunnsbyrakratiet-slar-til-att","status":"publish","type":"post","link":"https:\/\/dalstroka-innafor.net\/?p=2287","title":{"rendered":"Samfunnsbyr\u00e5kratiet sl\u00e5r til att"},"content":{"rendered":"<p><a title=\"Plukkestopp\" href=\"http:\/\/sirdolen.no\/index.php?page=vis_nyhet&amp;NyhetID=5541\">Sird\u00f8len kunne 16.04.2013 melde om at det no vert lagd strenge restriksjonar p\u00e5 det som i mange \u00e5r har vore ein tradisjon<\/a> for skuleelevar i Sirdal, <a title=\"Grimstad plukker\" href=\"http:\/\/www.gat.no\/nyheter\/plukker-vintersopla-pa-dugnad-1.7863737\">ja faktisk ogs\u00e5 landet rundt<\/a>.<\/p>\n<p>Skuleelevar har ikkje lenger anledning til \u00e5 vandre langs vegane i normal arbeidstid og gjere ein viktig og haldningsskapande jobb slik det fram til no har vorte gjort. Nye tryggleikskrav fr\u00e5 makter st\u00f8rre enn kommunen set ein effektiv stoppar for denne (v)\u00e5rlege tradisjonen.<\/p>\n<p>S\u00e5 slik har det alts\u00e5 blitt? Generelle krav som har vorte formulert i hakket meir tettbygde str\u00f8k, hundrevis av kilometer unna vert sette i verk med dei f\u00f8lgjene det f\u00e5r.<\/p>\n<p>La meg kort fortelje om mi eiga tid som Blekkulfs ven p\u00e5 80\/90-talet.<\/p>\n<blockquote><p><em>&laquo;Milj\u00f8detektiver m\u00e5 passe p\u00e5, for fremtiden begynner n\u00e5.&raquo;<\/em><\/p><\/blockquote>\n<p>Dette var slagordet ein heil generasjon unge kunne p\u00e5 rams. (I tillegg til: &laquo;G\u00e5 ikkje over vegen f\u00f8r bussen har k\u00f8yrd!&raquo;) Me sa i fr\u00e5 til ignorante vaksne som sat i bilar som stod p\u00e5 tomgang. Me fauk rundt i heia kvar ende fyrste nytt\u00e5rsdag og samle rakettar som me nytta som sverd, med den heldige ringverknaden at dei ikkje vart liggjande ute i naturen. Og me tr\u00e5lte vegane fr\u00e5 Dorgefoss til i alle fall Fidjeland kvar v\u00e5r p\u00e5 jakt etter vinterens latskapsresultat.<\/p>\n<p>Sj\u00f8lvsagt var det konkuranse oss blekkulfar i mellom om kven som fekk fyllt flest sekkar!\u00a0Kor gulljevt var det ikkje d\u00e5, n\u00e5r ein kom over ein gamal &laquo;lagringsstad&raquo; der ein framtidstenkjande bonde hadde kassert alt av gamalt hesteutstyr! Her skulle det tenast p\u00e6ng!<\/p>\n<p>Me tok det sj\u00f8lvsagt personleg. Me var krye som ein gjeng for seint tilkomne p\u00e5skekyllingar resten av \u00e5ret, over dei slikka kantane me hadde vore med p\u00e5 \u00e5 frambringa.<\/p>\n<p>Med eit m\u00e5l i det fjerne om klassetur i niande klasse, stod me p\u00e5 \u00e5r etter \u00e5r for \u00e5 gjera Sirdal til meir enn ein god stad \u00e5 bu, men ogs\u00e5 ein fin stad \u00e5 sj\u00e5 p\u00e5 for bilturistane sumarstid&#8230;.om dei skulle finne p\u00e5 \u00e5 stoppa.<\/p>\n<p>Det har gjenge nokre \u00e5r sidan dette. Det som m\u00f8ter valfartarane langs fylkesveg 45 no, er 5-6 s\u00f8ppelkontainarar midt i \u00e5synet i det dei entrar hovudfarts\u00e5ra v\u00e5r. Vakkert, om ein likar slikt.\u00a0Dette ser dog ut til \u00e5 ta slutt no. Tankane om ei genial ny rundkj\u00f8ring ved Svartevatn der ein superenkelt, og utan \u00e5 tenkje seg om, <a title=\"S\u00f8ppelavhenting\" href=\"http:\/\/sirdolen.no\/index.php?page=vis_nyhet&amp;NyhetID=5603\">kan kvitte seg med forbruksoverskuddet sitt, er lansert<\/a>.<\/p>\n<p>Dette kan ordf\u00f8raren i Sirdal like. Han ynskjer \u00e5 framst\u00e5 som ein ryddig kommune i s\u00e5 m\u00e5te. Ryddig ja. Men \u00e5 la kommunens eigne innbyggjarar kjenne p\u00e5 ansvar for naturen rundt seg, allereie i fr\u00e5 tidleg alder av, det vert i overkant?<\/p>\n<p>Eg har lyst \u00e5 nemne litt i fr\u00e5 skrivet som Sird\u00f8len refererte til som sitt utgangspunkt for saka. For alt var ikkje teke med.<\/p>\n<p>Plan- og milj\u00f8konsulent Sven Sandvik, ein representant for nettopp Sirdal kommune skriv i tillegg til forbodet mot ferdsel i vegkanten ogs\u00e5 dette;<\/p>\n<blockquote><p><em>&laquo;Eg har ikkje heilt klart for meg kvar Sinnes skule plar plukke.&raquo;<\/em><\/p><\/blockquote>\n<p>Eg les det, og veit ikkje om eg skal le, eller grine.<\/p>\n<p>Er det faktisk slik at ein sit p\u00e5 Tonstad og dikterer andre endene av dalen utan \u00e5 settje seg inn i saka? Vinden nedover dalen fr\u00e5 Hilleknuten har til tider hatt med seg slik ein tale, men eg har alltid trudd at dette var ei klassisk Sirdalsskr\u00f8ne! Det er jammen ikkje rart at det vart samla til <a title=\"Gjestebod p\u00e5 Kv\u00e6ven\" href=\"http:\/\/sirdolen.no\/index.php?page=vis_nyhet&amp;NyhetID=5577&amp;sok=1\">gjestebod p\u00e5 Kv\u00e6ven her tidlegare i v\u00e5r, som f\u00f8lgje av misn\u00f8ye med utviklinga i \u00d8vre Sirdal<\/a>.<\/p>\n<p>Her tok ein mellom anna opp sp\u00f8rsm\u00e5l rundt <em>reiseliv<\/em>, <em>vegvedlikehald<\/em> og <em>oppveksttilh\u00f8ve<\/em>. Rett meg gjerne om eg tek feil, men er det ikkje akkurat dette som er essensen i denne vesle s\u00f8ppelplukkehistoria?<\/p>\n<p>Turismen til Sirdal vinterstid har auka ut av alle dimensjonar. Difor har ein vel strengt tatt\u00a0<em>st\u00f8rre<\/em> grunn til \u00e5 rydda kantane, og ikkje\u00a0<em>mindre<\/em>. Det er i alle fall <a title=\"S\u00f8ppel langs vegen\" href=\"http:\/\/www.gat.no\/nyheter\/plukker-vintersopla-pa-dugnad-1.7863737\">tilfelle langs hovudvegen p\u00e5 S\u00f8rlandet etter ein vinter<\/a>. Eg har ikkje nokon grunn til \u00e5 tru at Rogalendingen er spesielt meir milj\u00f8medvitne enn andre utlendingar.<\/p>\n<p>Vegvedlikehaldet det er snakk om gjeldt nok i stor grad dekket, men all den tid Vegvesenet disponerer nokre meter utover den kvite stripa p\u00e5 kvar side, s\u00e5 gjeng s\u00e5vidt eg kan forst\u00e5 ogs\u00e5 dette inn under omgrepet &laquo;vegvedlikehald&raquo;.<\/p>\n<p>Oppveksttilh\u00f8va for ungane er og eit moment til diskusjon. <em>Stoltheiten<\/em> over sin eigen heimstad er eit viktig moment i den mentale delen av oppveksten. Du skal ikkje reise langt for \u00e5 sj\u00e5 korleis det gjeng om ein ikkje held avfallet i sjakk. Let ein avfallet liggja rundt seg, er det ikkje lange halten f\u00f8r det infiserer sinnet med! Ansvarstaking for sine omgjevnadar fr\u00e5 tidleg alder skapar difor ein st\u00f8dig plattform til eit samvitsfullt liv seinare.<\/p>\n<p>Ok. No <em>tryggleik<\/em>. Det er vel den jokeren som igjen trumfar alle andre argument. Og vi snakkar her om tryggleiken for elevane i det dei utf\u00f8rer arbeidet. Ikkje milj\u00f8tryggleiken ein stadig aukande andel s\u00f8ppel langs Sirdals vegar vil f\u00e5.<\/p>\n<p>I alle dei \u00e5ra plukkinga har p\u00e5gjenge, har det vek ikkje vore tilfelle av trafikkuhell av noko slag. F\u00f8r sykkelvegen mellom Haugen og Fjellstua kom tidleg p\u00e5 90-talet, hadde alle \u00d8vre Sirdals innbyggjarar klart seg rimeleg godt langs vegen. Dette trass i at dei gjekk og sykla ein heil del meir tidlegare enn det ein ungdom gjer no til dags. Det faktum i seg sj\u00f8lv gjev jo grunn til ein viss optimisme.<\/p>\n<p>I og med at dette er ei \u00e5rleg hending p\u00e5 Sinnes skule, s\u00e5 reknar eg med at skulen plar sende ut informasjon til heimen om dette. Sist eg sjekka, s\u00e5 var ikkje folketalet i \u00d8vre Sirdal uh\u00e5ndterbart slik det er i ferd med \u00e5 verte i Stavanger. Ryktet g\u00e5r dermed fort, og folk veit i stor grad at det er sm\u00e5folk ute langs vegane akkurat denne dagen.<\/p>\n<p>N\u00e5r det s\u00e5 er sagt, s\u00e5 finst det vel knapt ei tid p\u00e5 \u00e5ret der det er mindre trafikk p\u00e5 vegane enn akkurat no. Ikkje er vegen over til Setesdal open. Ei heller vegen til Lysebotnen. Ikkje er det Sirdalsdagar\/samling. \u00a0Ikkje skal sauar fraktast til fjells. Ikkje er det jakttid.\u00a0Anleggsarbeid er vel heller ikkje i full gang end\u00e5.<\/p>\n<p>Kort sagt: perioden post-p\u00e5ske-pre-veg\u00e5pning er den tida p\u00e5 \u00e5ret d\u00e5 asfalten p\u00e5 vegen fer desidert mest kviletid.<\/p>\n<p>S\u00e5 til byr\u00e5kratiet: gratulerer!<\/p>\n","protected":false},"excerpt":{"rendered":"<p>Sird\u00f8len kunne 16.04.2013 melde om at det no vert lagd strenge restriksjonar p\u00e5 det som i mange \u00e5r har vore ein tradisjon for skuleelevar i Sirdal, ja faktisk ogs\u00e5 landet rundt. Skuleelevar har ikkje lenger anledning til \u00e5 vandre langs vegane i normal arbeidstid og gjere ein viktig og haldningsskapande jobb slik det fram til [&hellip;]<\/p>\n","protected":false},"author":1,"featured_media":0,"comment_status":"open","ping_status":"open","sticky":false,"template":"","format":"standard","meta":{"footnotes":"","_share_on_mastodon":"0"},"categories":[16,9,12],"tags":[240,479,896,639,640],"class_list":["post-2287","post","type-post","status-publish","format-standard","hentry","category-friluftsliv","category-personleg","category-sirdal","tag-fv-45","tag-milj","tag-sirdal","tag-soppel","tag-soppelplukking"],"share_on_mastodon":{"url":"","error":""},"_links":{"self":[{"href":"https:\/\/dalstroka-innafor.net\/index.php?rest_route=\/wp\/v2\/posts\/2287","targetHints":{"allow":["GET"]}}],"collection":[{"href":"https:\/\/dalstroka-innafor.net\/index.php?rest_route=\/wp\/v2\/posts"}],"about":[{"href":"https:\/\/dalstroka-innafor.net\/index.php?rest_route=\/wp\/v2\/types\/post"}],"author":[{"embeddable":true,"href":"https:\/\/dalstroka-innafor.net\/index.php?rest_route=\/wp\/v2\/users\/1"}],"replies":[{"embeddable":true,"href":"https:\/\/dalstroka-innafor.net\/index.php?rest_route=%2Fwp%2Fv2%2Fcomments&post=2287"}],"version-history":[{"count":0,"href":"https:\/\/dalstroka-innafor.net\/index.php?rest_route=\/wp\/v2\/posts\/2287\/revisions"}],"wp:attachment":[{"href":"https:\/\/dalstroka-innafor.net\/index.php?rest_route=%2Fwp%2Fv2%2Fmedia&parent=2287"}],"wp:term":[{"taxonomy":"category","embeddable":true,"href":"https:\/\/dalstroka-innafor.net\/index.php?rest_route=%2Fwp%2Fv2%2Fcategories&post=2287"},{"taxonomy":"post_tag","embeddable":true,"href":"https:\/\/dalstroka-innafor.net\/index.php?rest_route=%2Fwp%2Fv2%2Ftags&post=2287"}],"curies":[{"name":"wp","href":"https:\/\/api.w.org\/{rel}","templated":true}]}}