{"id":2273,"date":"2013-04-01T18:15:08","date_gmt":"2013-04-01T16:15:08","guid":{"rendered":"http:\/\/www.dalstroka-innafor.net\/?p=2273"},"modified":"2013-04-01T18:15:08","modified_gmt":"2013-04-01T16:15:08","slug":"apati-i-eit-velferdssamfunn","status":"publish","type":"post","link":"https:\/\/dalstroka-innafor.net\/?p=2273","title":{"rendered":"Apati i eit velferdssamfunn"},"content":{"rendered":"<p><a href=\"http:\/\/www.aftenbladet.no\/nyheter\/lokalt\/sandnes\/Brannen-overvakes-gjennom-natten-3150099.html#.UVmntfHscUS\">I to dagar no har det brunne jamnt i utmarka nordvest i Sandnes<\/a>. Litt etter 17.30 den 31.03.2013 fekk brannvesenet melding om brann. Det same brannvesenet har i heile p\u00e5ska vore ute og minna folk p\u00e5 at eld og p\u00e5ske ikkje er heilt kompatible i \u00e5r, i alle fall ikkje i omr\u00e5det p\u00e5 nord-j\u00e6ren.<\/p>\n<p><iframe loading=\"lazy\" src=\"http:\/\/www.youtube-nocookie.com\/embed\/vSpY36hXV1w?rel=0\" height=\"360\" width=\"640\" allowfullscreen=\"\" frameborder=\"0\"><\/iframe><\/p>\n<p>P\u00e5 bakgrunn av dette skulle ein tru at slagplanar l\u00e5g klare for alle eventualitetar. Diverre ser det ut til at Jesus hadde ein letare veg til Golgata enn det brannhelikoptera har hatt til V\u00e5rlivarden. Opp i mot 24 timar skulle det ta f\u00f8r ein hadde klart \u00e5 rekvirera eit brannhelikopter ned fr\u00e5 Bergen(!).<\/p>\n<p>Under storbrannen i Froland i 2008 gjekk kritikken i etterkant p\u00e5 at tillegsressursar for \u00e5 sl\u00f8kke brannen vart sette inn for seint. Dette gjekk d\u00e5verande justisminister Knut Storberget ut i Aftenposten og kommenterte. Han skriv mellom anna f\u00f8lgjande;<\/p>\n<blockquote><p>&laquo;<em>Onsdag 11. juni ble det tatt formell kontakt fra Hovedredningssentralen i S\u00f8r-Norge mot svenske myndigheter for \u00e5 bist\u00e5 med luftkapasitet.<\/em>&laquo;<\/p><\/blockquote>\n<p>P\u00e5 slutten av artikkelen skriv han ogs\u00e5 at;<\/p>\n<blockquote><p>&laquo;<em><\/em><em id=\"__mceDel\">Den samlede beredskapen i Norge\u00a0<\/em><em id=\"__mceDel\"><em id=\"__mceDel\">basert p\u00e5 samvirke og samarbeid er\u00a0<\/em><\/em><em id=\"__mceDel\"><em id=\"__mceDel\"><em id=\"__mceDel\">god. Samtidig skal vi ta med oss erfa<\/em><\/em><\/em><em id=\"__mceDel\"><em id=\"__mceDel\"><em id=\"__mceDel\"><em id=\"__mceDel\">ringene fra Froland.&raquo;<\/em><\/em><\/em><\/em><\/p><\/blockquote>\n<p>No er det g\u00e5tt fem \u00e5r. Brannvesenet har i lang tid advart mot brannar. S\u00e5 skjer det. Ikkje berre i Sandnes, men <a href=\"http:\/\/www.ba.no\/nyheter\/article6580132.ece\">og i Os<\/a> og <a href=\"http:\/\/www.h-avis.no\/nyheter\/brann-ner-gassanlegg-pasatt-1.7828701\">p\u00e5 Karm\u00f8y<\/a>.<\/p>\n<p>I 2008 sa helikopterpilot J\u00f8rgen Eilertsen til Agderposten at &laquo;<em>vi skulle ha kommet med en gang&raquo;, <\/em>og tenkjer p\u00e5 helikoptersupporten. Han vert og sitert p\u00e5 at Noreg dr\u00f8yer lenge f\u00f8r helikopter vert sett inn i sl\u00f8kkingsarbeid.<\/p>\n<p>Og kva hender? Fem \u00e5r etter at Storberget sa at me skulle ta med oss erfaringane fr\u00e5 Froland, tek det rundt 18 timar \u00e5 f\u00e5 eit helikopter med sl\u00f8kkekapasitet 17 kilometer fr\u00e5 Sola til V\u00e5rlivarden. Sola flyplass m\u00e5 vel ha ein eller annan form for mogleg respons b\u00e5de med tanke p\u00e5 at Hovudredningssentralen i S\u00f8r-Noreg ligg der, og at flyplassen er n\u00e6raste nabo til installasjonane i Nordsj\u00f8en. No kom sl\u00f8kkingshelikopteret ned fr\u00e5 Bergen, men det gjer det vel ikkje akkurat betre?<\/p>\n<p>Under tre kvarter etter at brannen var starta <a href=\"https:\/\/twitter.com\/dalstroka\/status\/318395838588145665\">sakna eg helikopter til sl\u00f8kking<\/a> p\u00e5 V\u00e5rlivarden.<\/p>\n<p><a href=\"http:\/\/www.dalstroka-innafor.net\/wp-content\/uploads\/\/2013\/04\/V\u00e5rlivarden-kart.png\" rel=\"lightbox[skogbrann]\"><img loading=\"lazy\" decoding=\"async\" class=\"alignright size-medium wp-image-2274\" alt=\"V\u00e5rlivarden - kart\" src=\"http:\/\/www.dalstroka-innafor.net\/wp-content\/uploads\/\/2013\/04\/V\u00e5rlivarden-kart-300x210.png\" width=\"300\" height=\"210\" \/><\/a><\/p>\n<p>Men i og med at det her ikkje er snakk om verdfull skog, hus eller menneskeliv, er det tydelegvis ikkje bryet verdt \u00e5 f\u00e5 p\u00e5 plass eit brannhelikopter tidleg i brannutviklinga. I staden vaknar eg opp til flammar som dagen etter har krope nedover fjellsidene og ned i den like oppt\u00f8rka skogen s\u00f8r for Hestafjellet.<\/p>\n<p>Kva har styresmaktene gjort med erfaringane fr\u00e5 2008? Fortsatt er det tydelegivs berre eit helikopter i bereidskap slik J\u00f8rgen Eilertsen fr\u00e5 Helitrans kunne berette til Agderposten i 2008.<\/p>\n","protected":false},"excerpt":{"rendered":"<p>I to dagar no har det brunne jamnt i utmarka nordvest i Sandnes. Litt etter 17.30 den 31.03.2013 fekk brannvesenet melding om brann. Det same brannvesenet har i heile p\u00e5ska vore ute og minna folk p\u00e5 at eld og p\u00e5ske ikkje er heilt kompatible i \u00e5r, i alle fall ikkje i omr\u00e5det p\u00e5 nord-j\u00e6ren. P\u00e5 [&hellip;]<\/p>\n","protected":false},"author":1,"featured_media":0,"comment_status":"open","ping_status":"open","sticky":false,"template":"","format":"standard","meta":{"footnotes":"","_share_on_mastodon":"0"},"categories":[16],"tags":[116,632,670,825],"class_list":["post-2273","post","type-post","status-publish","format-standard","hentry","category-friluftsliv","tag-brann","tag-sandnes","tag-skogbrann","tag-varlivarden"],"share_on_mastodon":{"url":"","error":""},"_links":{"self":[{"href":"https:\/\/dalstroka-innafor.net\/index.php?rest_route=\/wp\/v2\/posts\/2273","targetHints":{"allow":["GET"]}}],"collection":[{"href":"https:\/\/dalstroka-innafor.net\/index.php?rest_route=\/wp\/v2\/posts"}],"about":[{"href":"https:\/\/dalstroka-innafor.net\/index.php?rest_route=\/wp\/v2\/types\/post"}],"author":[{"embeddable":true,"href":"https:\/\/dalstroka-innafor.net\/index.php?rest_route=\/wp\/v2\/users\/1"}],"replies":[{"embeddable":true,"href":"https:\/\/dalstroka-innafor.net\/index.php?rest_route=%2Fwp%2Fv2%2Fcomments&post=2273"}],"version-history":[{"count":0,"href":"https:\/\/dalstroka-innafor.net\/index.php?rest_route=\/wp\/v2\/posts\/2273\/revisions"}],"wp:attachment":[{"href":"https:\/\/dalstroka-innafor.net\/index.php?rest_route=%2Fwp%2Fv2%2Fmedia&parent=2273"}],"wp:term":[{"taxonomy":"category","embeddable":true,"href":"https:\/\/dalstroka-innafor.net\/index.php?rest_route=%2Fwp%2Fv2%2Fcategories&post=2273"},{"taxonomy":"post_tag","embeddable":true,"href":"https:\/\/dalstroka-innafor.net\/index.php?rest_route=%2Fwp%2Fv2%2Ftags&post=2273"}],"curies":[{"name":"wp","href":"https:\/\/api.w.org\/{rel}","templated":true}]}}