{"id":2146,"date":"2012-08-28T22:17:51","date_gmt":"2012-08-28T20:17:51","guid":{"rendered":"http:\/\/www.dalstroka-innafor.net\/?p=2146"},"modified":"2012-08-28T22:17:51","modified_gmt":"2012-08-28T20:17:51","slug":"meininga-med-livet","status":"publish","type":"post","link":"https:\/\/dalstroka-innafor.net\/?p=2146","title":{"rendered":"Meininga med livet"},"content":{"rendered":"<blockquote><p><em>&laquo;Her ein morgon h\u00f8yrde eg ein fire\u00e5ring sp\u00f8rje si mor, &laquo;Kvifor vart eg f\u00f8dt? For \u00e5 g\u00e5 i barnehage?&raquo;.<\/em><\/p>\n<p><em>Naturlegvis kunne ikkje mor hennar svara \u00e6rleg at, &laquo;Ja, det stemmer og no er me for seine!&raquo;. <\/em><\/p>\n<p><em>Likevel kan ein til ei viss grad seie at born i dag blir f\u00f8dt for \u00e5 g\u00e5 i barnehage og skule.<\/em><\/p>\n<p><em>Mange studerer flittig i mange \u00e5r for \u00e5 finna svaret p\u00e5 kvifor dei vart til. L\u00e6rde og filosofar, sj\u00f8lv om dei \u00f8ydelegg heile livet sitt p\u00e5 det, seier seg n\u00f8gde om dei berre hadde f\u00e5tt svar p\u00e5 dette eine sp\u00f8rsm\u00e5lt; kvifor vert me til?<\/em><\/p>\n<p><em>I utgangspunktet hadde ikkje menneskja noko m\u00e5l. No, i denne moderne tid, lagar vi oss eit eller anna m\u00e5l, og strever heile livet med \u00e5 finne meininga med dette m\u00e5let. Det er ein einmanns brytekamp. Det finst ikkje noko meining \u00e5 leite etter, eller eit m\u00e5l ein skal n\u00e5. Berre sp\u00f8r eit barn. Det vil kunne fortelje deg at eit tilv\u00e6re utan eit m\u00e5l er langt i fr\u00e5 meiningslaust.<\/em><\/p>\n<p><em>Fr\u00e5 det sekund eit born tek til i barnehagen, tek sorgene til. Menneska var i utgangspunktet lukkelege, men me har skapt ei hard verd for oss sj\u00f8lve som me no strevar med \u00e5 kome oss gjennom dag for dag.<\/em><\/p>\n<p><em>I naturen finst det berre liv og d\u00f8d, og naturen er sorglaus.<\/em><\/p>\n<p><em>I det moderne samfunnet me har skapt oss er det og liv og d\u00f8d, men folk er sorgtyngde.&raquo;<\/em><\/p><\/blockquote>\n<p>&#8211; Masanobu Fukuoka<br \/>\nThe One-Straw Revolution<\/p>\n","protected":false},"excerpt":{"rendered":"<p>&laquo;Her ein morgon h\u00f8yrde eg ein fire\u00e5ring sp\u00f8rje si mor, &laquo;Kvifor vart eg f\u00f8dt? For \u00e5 g\u00e5 i barnehage?&raquo;. Naturlegvis kunne ikkje mor hennar svara \u00e6rleg at, &laquo;Ja, det stemmer og no er me for seine!&raquo;. Likevel kan ein til ei viss grad seie at born i dag blir f\u00f8dt for \u00e5 g\u00e5 i barnehage [&hellip;]<\/p>\n","protected":false},"author":1,"featured_media":0,"comment_status":"open","ping_status":"open","sticky":false,"template":"","format":"standard","meta":{"footnotes":"","_share_on_mastodon":"0"},"categories":[3],"tags":[239,568],"class_list":["post-2146","post","type-post","status-publish","format-standard","hentry","category-generelt","tag-fukuoka","tag-permakultur"],"share_on_mastodon":{"url":"","error":""},"_links":{"self":[{"href":"https:\/\/dalstroka-innafor.net\/index.php?rest_route=\/wp\/v2\/posts\/2146","targetHints":{"allow":["GET"]}}],"collection":[{"href":"https:\/\/dalstroka-innafor.net\/index.php?rest_route=\/wp\/v2\/posts"}],"about":[{"href":"https:\/\/dalstroka-innafor.net\/index.php?rest_route=\/wp\/v2\/types\/post"}],"author":[{"embeddable":true,"href":"https:\/\/dalstroka-innafor.net\/index.php?rest_route=\/wp\/v2\/users\/1"}],"replies":[{"embeddable":true,"href":"https:\/\/dalstroka-innafor.net\/index.php?rest_route=%2Fwp%2Fv2%2Fcomments&post=2146"}],"version-history":[{"count":0,"href":"https:\/\/dalstroka-innafor.net\/index.php?rest_route=\/wp\/v2\/posts\/2146\/revisions"}],"wp:attachment":[{"href":"https:\/\/dalstroka-innafor.net\/index.php?rest_route=%2Fwp%2Fv2%2Fmedia&parent=2146"}],"wp:term":[{"taxonomy":"category","embeddable":true,"href":"https:\/\/dalstroka-innafor.net\/index.php?rest_route=%2Fwp%2Fv2%2Fcategories&post=2146"},{"taxonomy":"post_tag","embeddable":true,"href":"https:\/\/dalstroka-innafor.net\/index.php?rest_route=%2Fwp%2Fv2%2Ftags&post=2146"}],"curies":[{"name":"wp","href":"https:\/\/api.w.org\/{rel}","templated":true}]}}