{"id":2107,"date":"2012-04-17T21:26:13","date_gmt":"2012-04-17T19:26:13","guid":{"rendered":"http:\/\/www.dalstroka-innafor.net\/?p=2107"},"modified":"2012-04-17T21:26:13","modified_gmt":"2012-04-17T19:26:13","slug":"brod-og-sirkus-til-folket","status":"publish","type":"post","link":"https:\/\/dalstroka-innafor.net\/?p=2107","title":{"rendered":"Br\u00f8d og sirkus til folket"},"content":{"rendered":"<p>I 9 m\u00e5neder har media gjenge svanger og venta p\u00e5 den forl\u00f8ysande rettssaka etter massemorda 22. juli 2011.<\/p>\n<p>Det var difor p\u00e5 h\u00f8g tid at ein no omsider kunne ta fatt p\u00e5 den festen det m\u00e5 vera for media \u00e5 fr\u00e5tse rundt i dei alle minste detaljar som desse 9 m\u00e5nadane har resultert i av faktakunnskap.<\/p>\n<p>Lars Helle, sjefredakt\u00f8r i Stavanger Aftenblad, har ein <a href=\"https:\/\/web.retriever-info.com\/services\/archive.html?method=displayDocument&amp;documentId=02000920120416583562&amp;serviceId=2\">kommentar i avisa si 16. april<\/a>. Her uttrykkjer han at trass i at <a href=\"http:\/\/www.nordiskemediedager.no\/nyheter\/for-mye-mediedekning-av-22-juli-synes-to-av-tre-nordmenn\/\">ein stor prosentandel (68%) tykkjer det har vore meir enn nok dekning av massemorda<\/a>, s\u00e5 vil det ikkje vere mogleg \u00e5 droppe dekninga.<\/p>\n<p>Helle ser det som media si \u00f8vste rolle \u00e5 brette ut spaltemeter p\u00e5 spaltemeter med relevant og urelevant stoff om rettssaka. Han meiner rett og slett at det er media si plikt \u00e5 gjere dette, same kva brukarane av lesarar, lyttarar og sj\u00e5arars ynskje m\u00e5tte vere. Det m\u00e5 Helle f\u00e5 lov \u00e5 meine, men hadde salstala vore raude som f\u00f8lgje av dette, hadde nok pipa f\u00e5tt ein annan lyd.<\/p>\n<p>Lars Helle vart tilsett som ny sjefredakt\u00f8r i Stavanger Aftenblad 20. oktober 2011. P\u00e5 <a href=\"http:\/\/www.aftenbladet.no\/nyheter\/lokalt\/stavanger\/Lars-Helle-ny-sjefredaktr-i-Aftenbladet-2882183.html\">sp\u00f8rsm\u00e5l fr\u00e5 si eiga avis om Stavanger Aftenblad no skal verte meir lik Dagbladet<\/a>, svarer Helle:<\/p>\n<blockquote><p><em>Nei, jeg har enorm respekt for at det er to forskjellige produkter og markeder. Jeg skal holde p\u00e5 Aftenbladets form\u00e5lsparagraf. De som tror Aftenbladet n\u00e5 blir en boulevardavis som Dagbladet, tar feil, sier han.<\/em><\/p><\/blockquote>\n<p><em><\/em>Eg gjev deg framsida av Stavanger Aftenblad 17. april 2012:<\/p>\n<p><a href=\"http:\/\/www.dalstroka-innafor.net\/wp-content\/uploads\/\/2012\/04\/Workspace-1_006.png\"><img loading=\"lazy\" decoding=\"async\" class=\"aligncenter size-medium wp-image-2108\" title=\"Framside, Stavanger Aftenblade 17.04.2012\" src=\"http:\/\/www.dalstroka-innafor.net\/wp-content\/uploads\/\/2012\/04\/Workspace-1_006-200x300.png\" alt=\"\" width=\"200\" height=\"300\" \/><\/a><\/p>\n<p>Vidare i den tidlegare nemnde artikkelen, vel Helle \u00e5 nyttegjere seg av Frank Aarebrot for \u00e5 forklare kvifor s\u00e5 stor prosentandel meiner at media har gjort jobben sin meir enn godt nok no.<\/p>\n<blockquote><p><em>At publikum er lei av krigen og \u00f8nsker \u00e5 lese om noe annet, betyr ikke at mediene kan slutte \u00e5 skrive om krigen.<\/em><\/p><\/blockquote>\n<p>Frank Aarebrot, landets suverent mest kjende valforskar st\u00e5r p\u00e5 \u00f8nskeliste, nei unnskyld, <em>vitnelista<\/em> til Andrus Babben Brownie. <a href=\"http:\/\/www.nettavisen.no\/nyheter\/article3371089.ece\">Dette fall ikkje i god jord hj\u00e5 Aarebrot<\/a>.<\/p>\n<blockquote><p><em>Jeg er valgforsker, og har aldri forsket p\u00e5 verken terror eller h\u00f8yreekstremisme. Jeg kan ikke se noe jeg har forsket p\u00e5 som kan ha relevans for saken.<\/em><\/p><\/blockquote>\n<p><em><\/em>Trass i dette <em>temmeleg<\/em> bastante utsagnet fr\u00e5 Aarebrot, vel alts\u00e5 Lars Helle \u00e5 bruke <em>nettopp<\/em>\u00a0Aarebrot som kjelde i sitt forsvar for at media skal ha dekning av rettssaka etter 22. juli 24+ timar i d\u00f8gnet.<\/p>\n<p>Eg trur beint fram at Helle her har gjort seg fortent til julekort fr\u00e5 Andrej Brutus Bastus for \u00e5 ha drege fram ein gyldig grunn for at han no har heile landets media dansande rundt som sin personlege fanskare etter at han mobba &laquo;noregs framtid og demokrati&raquo; s\u00f8nder og saman i l\u00f8pet av ein einaste julidag.<\/p>\n<p>Me dunkar oss stadig p\u00e5 brystet over \u00e5 ha verdas beste land \u00e5 bu i. Her har me flotte levetilh\u00f8ve, og ein godt utvikla rettsstat. I \u00e5revis har ny straffelov lege til handsaming i det norske byr\u00e5kratiet. Ein manns handling, fekk p\u00e5 usedvanleg vis fortgang p\u00e5 noko som <a href=\"http:\/\/nrk.no\/nyheter\/norge\/1.6950194\">tr\u00f8blete IKT-problem lenge hadde trua med \u00e5 utsette<\/a>.<\/p>\n<p>No kan ein jo sj\u00f8lvsagt ikkje sj\u00e5 bort i fr\u00e5 at det gjerne var Grete Faremo som fekk sving i kostebinderiet p\u00e5 ein m\u00e5te som Knut Storberget berre kunne dr\u00f8yme om, men det kan i s\u00e5 fall Faremo sj\u00f8lv ta \u00e6ren for p\u00e5 eit seinare tidspunkt p\u00e5 ei av landets mange forsider.<\/p>\n<p>Uansett straffelov og IKT-tr\u00f8bbel. Mitt, og dei <a href=\"http:\/\/www.nordiskemediedager.no\/nyheter\/for-mye-mediedekning-av-22-juli-synes-to-av-tre-nordmenn\/\">68% som takka h\u00f8fleg nei til klappjakt p\u00e5 st\u00f8rst mogleg salstal p\u00e5 Nordiske mediedager<\/a> har fylgjande ynskje til Lars Helle og resten av landets marionettar:<\/p>\n<p><strong>La dette rettssystemet som me er s\u00e5 stolte av f\u00e5 gjera jobben sin i fred!<\/strong><\/p>\n<p>H\u00f8yr p\u00e5 dei 68%. Kva seier vel media om rettssystemet v\u00e5rt, om dei ikkje har tiltru til at dei kan utf\u00f8ra det dei er sett til p\u00e5 ein god m\u00e5te?<\/p>\n<p>Aftenbladets sjefredakt\u00f8r pakkar seg inn under sitt magiske framtidsteppe. Her gjentek han mantraet han l\u00e6rte p\u00e5 sjefredakt\u00f8rskulen om &laquo;media sin rolle som dokumentarist&raquo; stille for seg sj\u00f8lv&#8230;for eventuell framtidig forskning p\u00e5 hendinga 22. juli. Kan hende ynskjer Lars Helle \u00e5 gjere for Andolf Busta Brynstad, det media ikkje klarte \u00e5 gjere for <a href=\"http:\/\/no.wikipedia.org\/wiki\/Justismord\">Fritz Moen<\/a>?<\/p>\n<p>Sj\u00f8lvsagt er det prisverdig at Norsk media ynskjer \u00e5 passe p\u00e5 at alle dei involverte fer den handsaminga dei har krav p\u00e5 i ein rettsstat, men trass i ei usedvanlig god tru p\u00e5 eigne, opph\u00f8gde m\u00e5l, s\u00e5 har norske mediesjefar ein kalv som dei set h\u00f8gare enn all verdas rettar: forteneste.<\/p>\n<p>Nettopp kravet til forteneste innr\u00f8mmer jo Lars Helle, i det han skildrar eit endra mediebilete, ein haug akkrediterte journalistar og sj\u00e5artal p\u00e5 vevfjernsyn i dei seinare \u00e5ra.<\/p>\n<p>Men p\u00e5 Stortinget er dei nok glade no. Endeleg fekk mediekorpset anna \u00e5 plukke i fr\u00e5 kvarandre enn ugilde politikarar med for mange \u00e5r borte fr\u00e5 det <em>verkelege<\/em>\u00a0samfunnet dei er tillitsvalde for.<\/p>\n","protected":false},"excerpt":{"rendered":"<p>I 9 m\u00e5neder har media gjenge svanger og venta p\u00e5 den forl\u00f8ysande rettssaka etter massemorda 22. juli 2011. Det var difor p\u00e5 h\u00f8g tid at ein no omsider kunne ta fatt p\u00e5 den festen det m\u00e5 vera for media \u00e5 fr\u00e5tse rundt i dei alle minste detaljar som desse 9 m\u00e5nadane har resultert i av [&hellip;]<\/p>\n","protected":false},"author":1,"featured_media":0,"comment_status":"open","ping_status":"open","sticky":false,"template":"","format":"standard","meta":{"footnotes":"","_share_on_mastodon":"0"},"categories":[10],"tags":[29,168,230,417,472,614],"class_list":["post-2107","post","type-post","status-publish","format-standard","hentry","category-politikk","tag-22-juli","tag-domstol","tag-frank-aarebrot","tag-lars-helle","tag-media","tag-rettsstat"],"share_on_mastodon":{"url":"","error":""},"_links":{"self":[{"href":"https:\/\/dalstroka-innafor.net\/index.php?rest_route=\/wp\/v2\/posts\/2107","targetHints":{"allow":["GET"]}}],"collection":[{"href":"https:\/\/dalstroka-innafor.net\/index.php?rest_route=\/wp\/v2\/posts"}],"about":[{"href":"https:\/\/dalstroka-innafor.net\/index.php?rest_route=\/wp\/v2\/types\/post"}],"author":[{"embeddable":true,"href":"https:\/\/dalstroka-innafor.net\/index.php?rest_route=\/wp\/v2\/users\/1"}],"replies":[{"embeddable":true,"href":"https:\/\/dalstroka-innafor.net\/index.php?rest_route=%2Fwp%2Fv2%2Fcomments&post=2107"}],"version-history":[{"count":0,"href":"https:\/\/dalstroka-innafor.net\/index.php?rest_route=\/wp\/v2\/posts\/2107\/revisions"}],"wp:attachment":[{"href":"https:\/\/dalstroka-innafor.net\/index.php?rest_route=%2Fwp%2Fv2%2Fmedia&parent=2107"}],"wp:term":[{"taxonomy":"category","embeddable":true,"href":"https:\/\/dalstroka-innafor.net\/index.php?rest_route=%2Fwp%2Fv2%2Fcategories&post=2107"},{"taxonomy":"post_tag","embeddable":true,"href":"https:\/\/dalstroka-innafor.net\/index.php?rest_route=%2Fwp%2Fv2%2Ftags&post=2107"}],"curies":[{"name":"wp","href":"https:\/\/api.w.org\/{rel}","templated":true}]}}