{"id":2090,"date":"2012-03-24T16:15:17","date_gmt":"2012-03-24T15:15:17","guid":{"rendered":"http:\/\/www.dalstroka-innafor.net\/?p=2090"},"modified":"2012-03-24T16:15:17","modified_gmt":"2012-03-24T15:15:17","slug":"floytelat","status":"publish","type":"post","link":"https:\/\/dalstroka-innafor.net\/?p=2090","title":{"rendered":"Fl\u00f8ytel\u00e5t"},"content":{"rendered":"<p><em>Selja st\u00e5r saftgr\u00f8n og sevjemjuk,<a href=\"http:\/\/s0.geograph.org.uk\/geophotos\/01\/78\/70\/1787053_12c28990.jpg\"><img loading=\"lazy\" decoding=\"async\" class=\"alignright\" title=\"Selje\" src=\"http:\/\/s0.geograph.org.uk\/geophotos\/01\/78\/70\/1787053_12c28990.jpg\" alt=\"\" width=\"358\" height=\"448\" \/><\/a><\/em><br \/>\n<em> kvistfri og ferdig til fl\u00f8ytebruk<\/em><br \/>\n<em> for hage sm\u00e5guthender.<\/em><\/p>\n<p><em>Tonen kjem smygande, mjuk og var,<\/em><br \/>\n<em> aukar i kraft og f\u00e6r d\u00f8yvde svar<\/em><br \/>\n<em> langt borte fr\u00e5 andre grender.<\/em><\/p>\n<p><em>Solgylt og djup med ein eim av v\u00e5r,<\/em><br \/>\n<em> sl\u00f8rd som i lengt og vemodig s\u00e5r<\/em><br \/>\n<em> han skiftande stig og b\u00e5rar.<\/em><\/p>\n<p><em>G\u00e5ta om livet ligg l\u00f8ynt der i<\/em><br \/>\n<em> jordbundne krefter som gjer seg fri<\/em><br \/>\n<em> l\u00f8yst ut gjennom tusen v\u00e5rar.<\/em><\/p>\n<p><em>Sm\u00e5fuglen tagnar i skogen d\u00e5,<\/em><br \/>\n<em> undrande sit han og lyer p\u00e5<\/em><br \/>\n<em> og gl\u00f8ymer seg i lange stunder.<\/em><\/p>\n<p><em>Barnet som stabbar i garden l\u00e6r,<\/em><br \/>\n<em> undrar seg p\u00e5 kva vel dette er<\/em><br \/>\n<em> for spelande, blankt vedunder.<\/em><\/p>\n<p><em>Frostsvar p\u00e5 tun st\u00e5r ein gamal mann,<\/em><br \/>\n<em> minnest den gongen d\u00e5 ogs\u00e5 han<\/em><br \/>\n<em> sprang berrf\u00f8tt i fjell og finne.<\/em><\/p>\n<p><em>Tonane leikar i hugen hans,<\/em><br \/>\n<em> augo st\u00e5r fjerne med dimsl\u00f8rd glans<\/em><br \/>\n<em> mot barndommens bleike minne.<\/em><\/p>\n<p>&#8211; Jakob Sande<\/p>\n","protected":false},"excerpt":{"rendered":"<p>Selja st\u00e5r saftgr\u00f8n og sevjemjuk, kvistfri og ferdig til fl\u00f8ytebruk for hage sm\u00e5guthender. Tonen kjem smygande, mjuk og var, aukar i kraft og f\u00e6r d\u00f8yvde svar langt borte fr\u00e5 andre grender. Solgylt og djup med ein eim av v\u00e5r, sl\u00f8rd som i lengt og vemodig s\u00e5r han skiftande stig og b\u00e5rar. G\u00e5ta om livet ligg [&hellip;]<\/p>\n","protected":false},"author":1,"featured_media":0,"comment_status":"open","ping_status":"open","sticky":false,"template":"","format":"standard","meta":{"footnotes":"","_share_on_mastodon":"0"},"categories":[3],"tags":[22,159,277,339],"class_list":["post-2090","post","type-post","status-publish","format-standard","hentry","category-generelt","tag-22","tag-dikt","tag-guten-og-grenda","tag-jakob-sande"],"share_on_mastodon":{"url":"","error":""},"_links":{"self":[{"href":"https:\/\/dalstroka-innafor.net\/index.php?rest_route=\/wp\/v2\/posts\/2090","targetHints":{"allow":["GET"]}}],"collection":[{"href":"https:\/\/dalstroka-innafor.net\/index.php?rest_route=\/wp\/v2\/posts"}],"about":[{"href":"https:\/\/dalstroka-innafor.net\/index.php?rest_route=\/wp\/v2\/types\/post"}],"author":[{"embeddable":true,"href":"https:\/\/dalstroka-innafor.net\/index.php?rest_route=\/wp\/v2\/users\/1"}],"replies":[{"embeddable":true,"href":"https:\/\/dalstroka-innafor.net\/index.php?rest_route=%2Fwp%2Fv2%2Fcomments&post=2090"}],"version-history":[{"count":0,"href":"https:\/\/dalstroka-innafor.net\/index.php?rest_route=\/wp\/v2\/posts\/2090\/revisions"}],"wp:attachment":[{"href":"https:\/\/dalstroka-innafor.net\/index.php?rest_route=%2Fwp%2Fv2%2Fmedia&parent=2090"}],"wp:term":[{"taxonomy":"category","embeddable":true,"href":"https:\/\/dalstroka-innafor.net\/index.php?rest_route=%2Fwp%2Fv2%2Fcategories&post=2090"},{"taxonomy":"post_tag","embeddable":true,"href":"https:\/\/dalstroka-innafor.net\/index.php?rest_route=%2Fwp%2Fv2%2Ftags&post=2090"}],"curies":[{"name":"wp","href":"https:\/\/api.w.org\/{rel}","templated":true}]}}