{"id":2077,"date":"2012-01-25T21:48:13","date_gmt":"2012-01-25T20:48:13","guid":{"rendered":"http:\/\/www.dalstroka-innafor.net\/?p=2077"},"modified":"2012-01-25T21:48:13","modified_gmt":"2012-01-25T20:48:13","slug":"media-meiner","status":"publish","type":"post","link":"https:\/\/dalstroka-innafor.net\/?p=2077","title":{"rendered":"Media meiner&#8230;"},"content":{"rendered":"<p><a title=\"Jarle Andh\u00f8y\" href=\"http:\/\/no.wikipedia.org\/wiki\/Jarle_Andh%C3%B8y\">Jarle Andh\u00f8y<\/a> har igjen sett kursen mot s\u00f8r. Polarr\u00e5dgjevar i det Kongelege Norske Utanriksdepartementet, Karsten Klepsvik,<a title=\"Sj\u00e5 video med Karsten Klepsvik\" href=\"http:\/\/www.nrk.no\/nyheter\/verden\/1.7969081\"> likar ikkje dette i det heile tatt<\/a>.<\/p>\n<p>NRK sin reportar i innslaget i artikkelen over, uttalar f\u00f8lgjande;<\/p>\n<blockquote><p><em>&laquo;Norske myndigheter st\u00e5r moralsk ansvarlig for denne turen&#8230;&raquo;<\/em><\/p><\/blockquote>\n<p>I ei anna aktuell sak har <a title=\"Ola Borten Moe\" href=\"http:\/\/no.wikipedia.org\/wiki\/Ola_Borten_Moe\">Ola Borten Moe<\/a> motteke den uheldige tittelen &laquo;<em>\u00e5rets etikkversting<\/em>&raquo; av Fremtiden i v\u00e5re hender. <a href=\"http:\/\/www.dagbladet.no\/2012\/01\/24\/nyheter\/ola_borten_moe\/politikk\/innenriks\/regjeringen\/19926518\/\">Tittelen delte han med Statoil<\/a>.<\/p>\n<p>Dagbladet sin journalist siterer her Borten Moe p\u00e5 slik;<\/p>\n<blockquote><p><em>&laquo;Jeg p\u00e5st\u00e5r ikke at jeg har bedre etikk eller moral enn noen andre.&raquo;<\/em><\/p><\/blockquote>\n<p>Dette er alts\u00e5 det media meiner.<\/p>\n<p>Utan at det er ein naturleg samanheng mellom desse to sakene, er det jo ei fiffig vinkling \u00e5 sj\u00e5 desse sakene opp mot kvarandre.<\/p>\n<p>P\u00e5 den eine sida har ein <a href=\"http:\/\/www.regjeringen.no\/nb\/dep\/ud.html\">UD<\/a> som p\u00e5 vegne av den norske stat heiser det moralske flagget til topps straks den &laquo;lause kanonen&raquo; Andh\u00f8y legg ut p\u00e5 tokt utan deira godkjenning.<\/p>\n<p>P\u00e5 den andre sida har ein s\u00e5 Borten Moe, ogs\u00e5 ein representant for den norske stat, som surmular n\u00e5r nokon kallar ei spade for ei spade og set fokus p\u00e5 at han kan hende er <em>ein tanke<\/em>\u00a0ute \u00e5 k\u00f8yra med tanke p\u00e5 det moralske og etiske ansvaret han m\u00e5tte ha ovanfor seinare generasjonar.<\/p>\n<div id=\"attachment_2078\" style=\"width: 225px\" class=\"wp-caption alignright\"><a href=\"http:\/\/www.dalstroka-innafor.net\/wp-content\/uploads\/\/2012\/01\/I-can.png\"><img loading=\"lazy\" decoding=\"async\" aria-describedby=\"caption-attachment-2078\" class=\"size-medium wp-image-2078 \" style=\"margin: 5px;\" title=\"The Yes Man\" src=\"http:\/\/www.dalstroka-innafor.net\/wp-content\/uploads\/\/2012\/01\/I-can-215x300.png\" alt=\"\" width=\"215\" height=\"300\" \/><\/a><p id=\"caption-attachment-2078\" class=\"wp-caption-text\">Hadde det end\u00e5 vore denne type &quot;canning&quot; det var snakk om....<\/p><\/div>\n<p>Eg meiner at Nj\u00e5l Kolbeinstveit seier nokre <a href=\"http:\/\/www.aftenbladet.no\/meninger\/Mindre-olje--meir-velferd-2918140.html\">kloke ord i sin kommentar i Stavanger Aftenblad 15 januar i \u00e5r<\/a>. Vel verdt \u00e5 lesa ogs\u00e5 for Borten Moe&#8230;om han har tid d\u00e5. For det er klart at n\u00e5r &laquo;<a href=\"http:\/\/no.wikipedia.org\/wiki\/Barack_Obama\">The Yes Man<\/a>&raquo; dreg ein &laquo;Moe&raquo; <a href=\"http:\/\/www.treehugger.com\/energy-policy\/obamas-state-union-address-open-75-more-land-gas-oil-drilling-double-down-clean-energy.html\">p\u00e5 andre sida av dammen, s\u00e5 er det klart ein kan verte litt handlingslamma av eit slikt smigrande trekk<\/a>.<\/p>\n","protected":false},"excerpt":{"rendered":"<p>Jarle Andh\u00f8y har igjen sett kursen mot s\u00f8r. Polarr\u00e5dgjevar i det Kongelege Norske Utanriksdepartementet, Karsten Klepsvik, likar ikkje dette i det heile tatt. NRK sin reportar i innslaget i artikkelen over, uttalar f\u00f8lgjande; &laquo;Norske myndigheter st\u00e5r moralsk ansvarlig for denne turen&#8230;&raquo; I ei anna aktuell sak har Ola Borten Moe motteke den uheldige tittelen &laquo;\u00e5rets [&hellip;]<\/p>\n","protected":false},"author":1,"featured_media":0,"comment_status":"open","ping_status":"open","sticky":false,"template":"","format":"standard","meta":{"footnotes":"","_share_on_mastodon":"0"},"categories":[6,10],"tags":[140,343,479,512,521,530],"class_list":["post-2077","post","type-post","status-publish","format-standard","hentry","category-milj-2","category-politikk","tag-dagbladet","tag-jarle-andhoy","tag-milj","tag-njal-kolbeinstveit","tag-nrk","tag-ola-borten-moe"],"share_on_mastodon":{"url":"","error":""},"_links":{"self":[{"href":"https:\/\/dalstroka-innafor.net\/index.php?rest_route=\/wp\/v2\/posts\/2077","targetHints":{"allow":["GET"]}}],"collection":[{"href":"https:\/\/dalstroka-innafor.net\/index.php?rest_route=\/wp\/v2\/posts"}],"about":[{"href":"https:\/\/dalstroka-innafor.net\/index.php?rest_route=\/wp\/v2\/types\/post"}],"author":[{"embeddable":true,"href":"https:\/\/dalstroka-innafor.net\/index.php?rest_route=\/wp\/v2\/users\/1"}],"replies":[{"embeddable":true,"href":"https:\/\/dalstroka-innafor.net\/index.php?rest_route=%2Fwp%2Fv2%2Fcomments&post=2077"}],"version-history":[{"count":0,"href":"https:\/\/dalstroka-innafor.net\/index.php?rest_route=\/wp\/v2\/posts\/2077\/revisions"}],"wp:attachment":[{"href":"https:\/\/dalstroka-innafor.net\/index.php?rest_route=%2Fwp%2Fv2%2Fmedia&parent=2077"}],"wp:term":[{"taxonomy":"category","embeddable":true,"href":"https:\/\/dalstroka-innafor.net\/index.php?rest_route=%2Fwp%2Fv2%2Fcategories&post=2077"},{"taxonomy":"post_tag","embeddable":true,"href":"https:\/\/dalstroka-innafor.net\/index.php?rest_route=%2Fwp%2Fv2%2Ftags&post=2077"}],"curies":[{"name":"wp","href":"https:\/\/api.w.org\/{rel}","templated":true}]}}