{"id":2049,"date":"2011-11-28T17:01:40","date_gmt":"2011-11-28T16:01:40","guid":{"rendered":"http:\/\/www.dalstroka-innafor.net\/?p=2049"},"modified":"2011-11-28T17:01:40","modified_gmt":"2011-11-28T16:01:40","slug":"eit-alternativt-syn-pa-tilvaeret","status":"publish","type":"post","link":"https:\/\/dalstroka-innafor.net\/?p=2049","title":{"rendered":"Eit alternativt syn p\u00e5 tilv\u00e6ret"},"content":{"rendered":"<p>Lucero, argentinsk aleinemor og student, bur i ein fraktecontainer.<\/p>\n<blockquote><p>&laquo;<em>Materielle ting&#8230;.alt er jo til l\u00e5ns. Vi eig jo ikkje ting, vi berre l\u00e5ner dei ei lita stund, og antan kastar det, nokon arvar det eller ein gjev det bort. Ingenting av dette er eigentleg eins eige.<\/em>&raquo;<\/p>\n<p>&laquo;<em>Vi pr\u00f8ver \u00e5 tryggje oss sj\u00f8lv og desse identitetane vi skaper for oss&#8230;mitt hus, mi kone, min bil, mine born, mi karriere. Jo st\u00f8rre, jo meir trygg og jo meir sikker er ein p\u00e5 at ein er seg sj\u00f8lv. Men i r\u00f8ynda er jo huset du eig eit fengsel som er eigd av banken.<\/em>&laquo;<\/p><\/blockquote>\n<p><iframe loading=\"lazy\" src=\"http:\/\/www.youtube.com\/embed\/DsVxgOjNLbA?rel=0\" frameborder=\"0\" width=\"560\" height=\"315\"><\/iframe><\/p>\n","protected":false},"excerpt":{"rendered":"<p>Lucero, argentinsk aleinemor og student, bur i ein fraktecontainer. &laquo;Materielle ting&#8230;.alt er jo til l\u00e5ns. Vi eig jo ikkje ting, vi berre l\u00e5ner dei ei lita stund, og antan kastar det, nokon arvar det eller ein gjev det bort. Ingenting av dette er eigentleg eins eige.&raquo; &laquo;Vi pr\u00f8ver \u00e5 tryggje oss sj\u00f8lv og desse identitetane [&hellip;]<\/p>\n","protected":false},"author":1,"featured_media":0,"comment_status":"open","ping_status":"open","sticky":false,"template":"","format":"standard","meta":{"footnotes":"","_share_on_mastodon":"0"},"categories":[6,10,13,15],"tags":[436,478,590],"class_list":["post-2049","post","type-post","status-publish","format-standard","hentry","category-milj-2","category-politikk","category-utdanning","category-konomi","tag-levnad","tag-mikrohus","tag-prioriteringar"],"share_on_mastodon":{"url":"","error":""},"_links":{"self":[{"href":"https:\/\/dalstroka-innafor.net\/index.php?rest_route=\/wp\/v2\/posts\/2049","targetHints":{"allow":["GET"]}}],"collection":[{"href":"https:\/\/dalstroka-innafor.net\/index.php?rest_route=\/wp\/v2\/posts"}],"about":[{"href":"https:\/\/dalstroka-innafor.net\/index.php?rest_route=\/wp\/v2\/types\/post"}],"author":[{"embeddable":true,"href":"https:\/\/dalstroka-innafor.net\/index.php?rest_route=\/wp\/v2\/users\/1"}],"replies":[{"embeddable":true,"href":"https:\/\/dalstroka-innafor.net\/index.php?rest_route=%2Fwp%2Fv2%2Fcomments&post=2049"}],"version-history":[{"count":0,"href":"https:\/\/dalstroka-innafor.net\/index.php?rest_route=\/wp\/v2\/posts\/2049\/revisions"}],"wp:attachment":[{"href":"https:\/\/dalstroka-innafor.net\/index.php?rest_route=%2Fwp%2Fv2%2Fmedia&parent=2049"}],"wp:term":[{"taxonomy":"category","embeddable":true,"href":"https:\/\/dalstroka-innafor.net\/index.php?rest_route=%2Fwp%2Fv2%2Fcategories&post=2049"},{"taxonomy":"post_tag","embeddable":true,"href":"https:\/\/dalstroka-innafor.net\/index.php?rest_route=%2Fwp%2Fv2%2Ftags&post=2049"}],"curies":[{"name":"wp","href":"https:\/\/api.w.org\/{rel}","templated":true}]}}