{"id":2029,"date":"2011-10-12T12:41:43","date_gmt":"2011-10-12T10:41:43","guid":{"rendered":"http:\/\/www.dalstroka-innafor.net\/?p=2029"},"modified":"2011-10-12T12:41:43","modified_gmt":"2011-10-12T10:41:43","slug":"naturens-aktorar","status":"publish","type":"post","link":"https:\/\/dalstroka-innafor.net\/?p=2029","title":{"rendered":"Naturens akt\u00f8rar"},"content":{"rendered":"<p><img loading=\"lazy\" decoding=\"async\" class=\"alignright\" style=\"border-style: initial; border-color: initial;\" title=\"R\u00f8yskatt\" src=\"http:\/\/www.envillmann.no\/wp-content\/uploads\/2010\/01\/Frikk.jpg\" alt=\"\" width=\"209\" height=\"166\" \/><\/p>\n<p>Haustferie nok ein gong. D\u00e5 er det godt \u00e5 koma opp i h\u00f8gda, og bort i fr\u00e5 eksosen i byen.<\/p>\n<p>I kj\u00f8kkenglaset har eg meir underhaldning enn det full pakke hj\u00e5 Altibox kan gje meg. Og det gratis!<br \/>\nDagens fyrste show var det ein liten <a href=\"http:\/\/no.wikipedia.org\/wiki\/R%C3%B8yskatt\">r\u00f8yskatt<\/a> (<em>Mustela erminea<\/em>) som gav meg. Han kom pilande i blomsterbedet utanfor, fin og kvit i si flunkande nye vinterdrakt.<\/p>\n<p><img loading=\"lazy\" decoding=\"async\" class=\"alignleft\" style=\"margin-left: 5px; margin-right: 5px;\" title=\"Sidensvans\" src=\"http:\/\/farm4.static.flickr.com\/3475\/3398794342_416a0726ba_z.jpg?zz=1\" alt=\"\" width=\"230\" height=\"181\" \/>Litt etter dukka det opp ei, for meg, sjeldant syn. Ein <a href=\"http:\/\/no.wikipedia.org\/wiki\/Sidensvans\">sidensvans<\/a> (<em>Bombycilla garrulus<\/em>) sat og tok ein kikk p\u00e5 forr\u00e5det i ripsbuskane. Eg ser at fuglen har for vane \u00e5 vera til stades i heile Noreg, men det er ikkje f\u00f8r no i dei siste \u00e5ra at eg har sett han her p\u00e5 Sinnes.<\/p>\n<p>Spanande med nye innslag fr\u00e5 kj\u00f8kkenglaset.<\/p>\n","protected":false},"excerpt":{"rendered":"<p>Haustferie nok ein gong. D\u00e5 er det godt \u00e5 koma opp i h\u00f8gda, og bort i fr\u00e5 eksosen i byen. I kj\u00f8kkenglaset har eg meir underhaldning enn det full pakke hj\u00e5 Altibox kan gje meg. Og det gratis! Dagens fyrste show var det ein liten r\u00f8yskatt (Mustela erminea) som gav meg. Han kom pilande i [&hellip;]<\/p>\n","protected":false},"author":1,"featured_media":0,"comment_status":"open","ping_status":"open","sticky":false,"template":"","format":"standard","meta":{"footnotes":"","_share_on_mastodon":"0"},"categories":[16,6],"tags":[112,174,238,287,491,602,649],"class_list":["post-2029","post","type-post","status-publish","format-standard","hentry","category-friluftsliv","category-milj-2","tag-bombycilla-garrulus","tag-dyr","tag-fuglar","tag-haustferie","tag-mustela-erminea","tag-royskatt","tag-sidensvans"],"share_on_mastodon":{"url":"","error":""},"_links":{"self":[{"href":"https:\/\/dalstroka-innafor.net\/index.php?rest_route=\/wp\/v2\/posts\/2029","targetHints":{"allow":["GET"]}}],"collection":[{"href":"https:\/\/dalstroka-innafor.net\/index.php?rest_route=\/wp\/v2\/posts"}],"about":[{"href":"https:\/\/dalstroka-innafor.net\/index.php?rest_route=\/wp\/v2\/types\/post"}],"author":[{"embeddable":true,"href":"https:\/\/dalstroka-innafor.net\/index.php?rest_route=\/wp\/v2\/users\/1"}],"replies":[{"embeddable":true,"href":"https:\/\/dalstroka-innafor.net\/index.php?rest_route=%2Fwp%2Fv2%2Fcomments&post=2029"}],"version-history":[{"count":0,"href":"https:\/\/dalstroka-innafor.net\/index.php?rest_route=\/wp\/v2\/posts\/2029\/revisions"}],"wp:attachment":[{"href":"https:\/\/dalstroka-innafor.net\/index.php?rest_route=%2Fwp%2Fv2%2Fmedia&parent=2029"}],"wp:term":[{"taxonomy":"category","embeddable":true,"href":"https:\/\/dalstroka-innafor.net\/index.php?rest_route=%2Fwp%2Fv2%2Fcategories&post=2029"},{"taxonomy":"post_tag","embeddable":true,"href":"https:\/\/dalstroka-innafor.net\/index.php?rest_route=%2Fwp%2Fv2%2Ftags&post=2029"}],"curies":[{"name":"wp","href":"https:\/\/api.w.org\/{rel}","templated":true}]}}