{"id":1902,"date":"2011-02-23T19:31:56","date_gmt":"2011-02-23T18:31:56","guid":{"rendered":"http:\/\/www.dalstroka-innafor.net\/?p=1902"},"modified":"2011-02-23T19:31:56","modified_gmt":"2011-02-23T18:31:56","slug":"hei-kan-eg-fa-litt-fokus","status":"publish","type":"post","link":"https:\/\/dalstroka-innafor.net\/?p=1902","title":{"rendered":"Hei! Kan eg f\u00e5 litt merksemd?"},"content":{"rendered":"<p>Professor i pedagogikk ved H\u00f8gskulen i Volda, Peder Haug, <a title=\"Torden fr\u00e5 Sunnm\u00f8re\" href=\"http:\/\/www.smp.no\/nyheter\/article311454.ece\" target=\"_blank\">tordna mot bruk av sosiale media i skulen p\u00e5 i &laquo;sumpen&raquo; denne veka<\/a>. Dr\u00f8nna har gjeve gjenklang over det ganske land, og Vev 2.0-l\u00e6rarstanden har vore i harnisk over det som har kome p\u00e5 trykk.<\/p>\n<p>Det kan sj\u00f8lvsagt hende at professor Haug har vorte feilsitert, men i og med at ei avis er eit medium som har vore p\u00e5 bana ei stund, reknar eg med at saka i det store og det heile gjenspeilar Haugs meiningar.\ufeff<\/p>\n<p>Andre har teke tastaturet fatt og formulert kloke bloggpostar omkring Peder Haugs utspel, til d\u00f8mes <a href=\"http:\/\/evabra.wordpress.com\/2011\/02\/21\/sosiale-medier-som-facebook-b%C3%B8r-forbys-i-skolen\/\" target=\"_blank\">Eva Bratvold<\/a> og <a href=\"http:\/\/oysteinj.typepad.com\/weblog\/2011\/02\/professor-peder-haug-og-sosiale-medier.html\" target=\"_blank\">\u00d8ystein Johannessen<\/a>. Difor skal eg ikkje ta fatt p\u00e5 eit slikt skriveri, d\u00e5 eg langt p\u00e5 veg er einig i det dei allereie har skrive. Kjerna i det Peder Haug tek opp, er ogs\u00e5 etter mitt syn klasseleiing.<\/p>\n<div style=\"width: 335px\" class=\"wp-caption alignright\"><img loading=\"lazy\" decoding=\"async\" class=\"    \" title=\"Er dette Peder Haugs draumeskule?\" src=\"http:\/\/farm3.static.flickr.com\/2256\/2228181788_5d43948e6d_b.jpg\" alt=\"\" width=\"325\" height=\"225\" \/><p class=\"wp-caption-text\">Er dette Peder Haugs draumeskule?<\/p><\/div>\n<p>N\u00e5r det er sagt, vil eg ogs\u00e5 peika p\u00e5 det som st\u00e5r i artikkelen om <em>fokus, <\/em>eller <em>merksemd<\/em> som Randi Fiksdal retta meg til\u00a0. Sp\u00f8rsm\u00e5l eg stiller meg er til d\u00f8mes:<\/p>\n<ul>\n<li>Kva er merksemd?<\/li>\n<li>Kvar kjem det fr\u00e5?<\/li>\n<li>Kan merksemd l\u00e6rast, eller er ein f\u00f8dt med det?<\/li>\n<\/ul>\n<p><a href=\"http:\/\/nl.nrk.no\/podkast\/aps\/71\/nrk_verdt_aa_vite_2011-0217-1250_6343354440.mp3\">I ein podcast fr\u00e5 NRK sitt Verdt \u00e5 vite (eller er det no Ekko?), kan ein etter snaue 24 minutt<\/a> h\u00f8yra ein reportasje om forsking p\u00e5 born med ADHD ved H\u00f8gskulen i Gj\u00f8vik. Eg tykkjer det er interessant, og ein absolutt tankevekkar at ein ser p\u00e5 ei slik side av saka.<\/p>\n<p>Fyrsteamanuensis ved H\u00f8gskulen i Gj\u00f8rvik, Simon McCallum seier det slik;<\/p>\n<blockquote><p>&laquo;&#8230;<em>there&#8217;s research in the US showing that you can retrain students who have attention deficit problems, because the problem is that they loose focus, and because they don&#8217;t know what focus is, because it&#8217;s a learned thing.<\/em>&raquo; &#8211;\u00a0\ufeff<a href=\"http:\/\/nl.nrk.no\/podkast\/aps\/71\/nrk_verdt_aa_vite_2011-0217-1250_6343354440.mp3\">Verdt \u00e5 vite &#8211; fokus og ADHD<\/a><\/p><\/blockquote>\n<p>S\u00e5 d\u00e5 har eg det litt som \u00e5 vera mellom veden og barken&#8230;kven skal eg h\u00f8yra p\u00e5? Professoren som nytta sin status til \u00e5 inspirera mitt kull med medstudentar ein <em>heil<\/em> times tid i l\u00f8pet av fire \u00e5r i Volda, eller fyrsteamanuensisen som eg aldri har truffe?<\/p>\n<p>Vidare har eg den siste veka kome over <a href=\"http:\/\/online.wsj.com\/article\/SB10001424052748703584804576144192132144506.html\" target=\"_blank\">denne artikkelen som tek f\u00f8re seg, ehm, <\/a><del><a href=\"http:\/\/online.wsj.com\/article\/SB10001424052748703584804576144192132144506.html\" target=\"_blank\">fokuset p\u00e5 fokus<\/a><\/del> s\u00f8kelyset p\u00e5 merksemda. Eg tykkjer her at spesielt det siste avsnittet er s\u00e6rs interessant;<\/p>\n<blockquote><p>&laquo;<em>Nevertheless, this new research demonstrates that, for a certain segment of the population, distractibility can actually be a net positive. Although we think that more attention can solve everything\u2014that the best strategy is always a strict focus fueled by triple espressos\u2014that&#8217;s not the case. Sometimes, the most productive thing we can do is surf the Web and eavesdrop on that conversation next door.<\/em>&raquo; &#8211; <a href=\"http:\/\/online.wsj.com\/article\/SB10001424052748703584804576144192132144506.html\" target=\"_blank\">Wall Street Journal, 19 feb. 2011<\/a><\/p><\/blockquote>\n<p>Summa sumarum, s\u00e5 kjem eg ikkje fram til anna enn det s\u00e5 mange av mine medborgarar p\u00e5 nett har kome fram til, at det er klasseleiing som er n\u00f8kkelordet her. <em>Klasseleiing, klasseleiing, klasseleiing<\/em>!<\/p>\n","protected":false},"excerpt":{"rendered":"<p>Professor i pedagogikk ved H\u00f8gskulen i Volda, Peder Haug, tordna mot bruk av sosiale media i skulen p\u00e5 i &laquo;sumpen&raquo; denne veka. Dr\u00f8nna har gjeve gjenklang over det ganske land, og Vev 2.0-l\u00e6rarstanden har vore i harnisk over det som har kome p\u00e5 trykk. Det kan sj\u00f8lvsagt hende at professor Haug har vorte feilsitert, men [&hellip;]<\/p>\n","protected":false},"author":1,"featured_media":0,"comment_status":"open","ping_status":"open","sticky":false,"template":"","format":"standard","meta":{"footnotes":"","_share_on_mastodon":"0"},"categories":[2,4],"tags":[215,393,699,833],"class_list":["post-1902","post","type-post","status-publish","format-standard","hentry","category-arbeid","category-ikt","tag-fokus","tag-konsentrasjon","tag-sosiale-media","tag-vev-2-0"],"share_on_mastodon":{"url":"","error":""},"_links":{"self":[{"href":"https:\/\/dalstroka-innafor.net\/index.php?rest_route=\/wp\/v2\/posts\/1902","targetHints":{"allow":["GET"]}}],"collection":[{"href":"https:\/\/dalstroka-innafor.net\/index.php?rest_route=\/wp\/v2\/posts"}],"about":[{"href":"https:\/\/dalstroka-innafor.net\/index.php?rest_route=\/wp\/v2\/types\/post"}],"author":[{"embeddable":true,"href":"https:\/\/dalstroka-innafor.net\/index.php?rest_route=\/wp\/v2\/users\/1"}],"replies":[{"embeddable":true,"href":"https:\/\/dalstroka-innafor.net\/index.php?rest_route=%2Fwp%2Fv2%2Fcomments&post=1902"}],"version-history":[{"count":0,"href":"https:\/\/dalstroka-innafor.net\/index.php?rest_route=\/wp\/v2\/posts\/1902\/revisions"}],"wp:attachment":[{"href":"https:\/\/dalstroka-innafor.net\/index.php?rest_route=%2Fwp%2Fv2%2Fmedia&parent=1902"}],"wp:term":[{"taxonomy":"category","embeddable":true,"href":"https:\/\/dalstroka-innafor.net\/index.php?rest_route=%2Fwp%2Fv2%2Fcategories&post=1902"},{"taxonomy":"post_tag","embeddable":true,"href":"https:\/\/dalstroka-innafor.net\/index.php?rest_route=%2Fwp%2Fv2%2Ftags&post=1902"}],"curies":[{"name":"wp","href":"https:\/\/api.w.org\/{rel}","templated":true}]}}